{"id":92800,"date":"2008-05-27T19:08:47","date_gmt":"2008-05-27T19:08:47","guid":{"rendered":"http:\/\/diariodominicano.ddns.net\/?p=92800"},"modified":"2008-05-27T19:08:47","modified_gmt":"2008-05-27T19:08:47","slug":"muere-padre-de-marco-antonio-solis","status":"publish","type":"post","link":"https:\/\/diariodominicano.com\/?p=92800","title":{"rendered":"Muere padre de Marco Antonio Sol\u00eds"},"content":{"rendered":"<p><body><\/p>\n<p align=\"justify\"><span class=\"titulogrande1\">Muere padre de Marco Antonio Sol\u00eds <\/span><br \/>&#13;<br \/>\n  <br \/>&#13;<br \/>\n    <span class=\"text1noticias\">Antonio Sol\u00eds Marroqu\u00edn falleci\u00f3 a los 88 a\u00f1os, producto de  diversas enfermedades ligadas con su avanzada edad.<\/span><\/p>\n<p>&#13;<\/p>\n<p align=\"justify\" class=\"text1noticias\"><img loading=\"lazy\" decoding=\"async\" src=\"http:\/\/localhost:8080\/gente\/img\/solis.jpg\" width=\"375\" height=\"274\" hspace=\"4\" align=\"left\" \/>Antonio Sol\u00eds Marroqu\u00edn, padre del cantautor mexicano, Marco  Antonio Sol\u00eds, falleci\u00f3 el pasado s\u00e1bado pasado, a la edad de 88 a\u00f1os, seg\u00fan se  inform\u00f3 esta ma\u00f1ana.<br \/>&#13;<br \/>\n  <br \/>&#13;<br \/>\n  Sol\u00eds Marroqu\u00edn, originario de Ario de Rosales, muri\u00f3 a  consecuencia de enfermedades ligadas con su avanzada edad, seg\u00fan confirm\u00f3 Abel  Sol\u00eds, representante del int\u00e9rprete de \u00e9xitos como Si no te hubieras ido y  Antes de que te vayas.<br \/>&#13;<br \/>\n  <br \/>&#13;<br \/>\n  Los restos del padre del popular cantante fueron velados y  posteriormente cremados en una funeraria particular, ubicada en el Perif\u00e9rico  Norte de la capital michoacana.<br \/>&#13;<br \/>\n  <br \/>&#13;<br \/>\n  S\u00f3lo amigos muy cercanos y colaboradores del artista, se  dieron cita en el lugar, en donde de manera discreta, se llev\u00f3 a cabo un  servicio religioso.<br \/>&#13;<br \/>\n  <br \/>&#13;<br \/>\n  Fuente: La Tercera de Chile<\/p>\n<p>&#13;<\/p>\n<h6> 2008-05-27 19:08:47 <\/h6>\n<p><!--\n<link rel=\"stylesheet\" href=\"css\/bootstrap.min.css\">\n\n\n<ul class=\"pagination\">\n\t    \n\t\n\n<li >\n\t<a href='?page_no=21421'>Previous<\/a>\n\t<\/li>\n\n\n       \n    \n\n<li><a href='?page_no=1'>1<\/a><\/li>\n\n\n\n<li><a href='?page_no=2'>2<\/a><\/li>\n\n\n\n<li><a>...<\/a><\/li>\n\n\n\n<li><a href='?page_no=21420'>21420<\/a><\/li>\n\n\n\n<li><a href='?page_no=21421'>21421<\/a><\/li>\n\n\n\n<li class='active'><a>21422<\/a><\/li>\n\n\n\n<li><a href='?page_no=21423'>21423<\/a><\/li>\n\n\n\n<li><a href='?page_no=21424'>21424<\/a><\/li>\n\n\n\n<li><a>...<\/a><\/li>\n\n\n\n<li><a href='?page_no=22522'>22522<\/a><\/li>\n\n\n\n<li><a href='?page_no=22523'>22523<\/a><\/li>\n\n    \n\t\n\n<li >\n\t<a href='?page_no=21423'>Next<\/a>\n\t<\/li>\n\n\n    \n\n<li><a href='?page_no=22523'>Last &rsaquo;&rsaquo;<\/a><\/li>\n\n<\/ul>\n\n\n--><br \/>\n<\/body><\/p>\n","protected":false},"excerpt":{"rendered":"<p>Muere padre de Marco Antonio Sol\u00eds &#13; &#13; Antonio Sol\u00eds Marroqu\u00edn falleci\u00f3 a los 88 a\u00f1os, producto de diversas enfermedades ligadas con su avanzada edad. &#13; Antonio Sol\u00eds Marroqu\u00edn, padre del cantautor mexicano, Marco Antonio Sol\u00eds, falleci\u00f3 el pasado s\u00e1bado pasado, a la edad de 88 a\u00f1os, seg\u00fan se inform\u00f3 esta ma\u00f1ana.&#13; &#13; Sol\u00eds Marroqu\u00edn, [&hellip;]<\/p>\n","protected":false},"author":3,"featured_media":0,"comment_status":"open","ping_status":"open","sticky":false,"template":"","format":"standard","meta":{"footnotes":""},"categories":[25],"tags":[],"class_list":["post-92800","post","type-post","status-publish","format-standard","hentry","category-gente"],"_links":{"self":[{"href":"https:\/\/diariodominicano.com\/index.php?rest_route=\/wp\/v2\/posts\/92800","targetHints":{"allow":["GET"]}}],"collection":[{"href":"https:\/\/diariodominicano.com\/index.php?rest_route=\/wp\/v2\/posts"}],"about":[{"href":"https:\/\/diariodominicano.com\/index.php?rest_route=\/wp\/v2\/types\/post"}],"author":[{"embeddable":true,"href":"https:\/\/diariodominicano.com\/index.php?rest_route=\/wp\/v2\/users\/3"}],"replies":[{"embeddable":true,"href":"https:\/\/diariodominicano.com\/index.php?rest_route=%2Fwp%2Fv2%2Fcomments&post=92800"}],"version-history":[{"count":0,"href":"https:\/\/diariodominicano.com\/index.php?rest_route=\/wp\/v2\/posts\/92800\/revisions"}],"wp:attachment":[{"href":"https:\/\/diariodominicano.com\/index.php?rest_route=%2Fwp%2Fv2%2Fmedia&parent=92800"}],"wp:term":[{"taxonomy":"category","embeddable":true,"href":"https:\/\/diariodominicano.com\/index.php?rest_route=%2Fwp%2Fv2%2Fcategories&post=92800"},{"taxonomy":"post_tag","embeddable":true,"href":"https:\/\/diariodominicano.com\/index.php?rest_route=%2Fwp%2Fv2%2Ftags&post=92800"}],"curies":[{"name":"wp","href":"https:\/\/api.w.org\/{rel}","templated":true}]}}