{"id":92797,"date":"2008-05-27T19:32:46","date_gmt":"2008-05-27T19:32:46","guid":{"rendered":"http:\/\/diariodominicano.ddns.net\/?p=92797"},"modified":"2008-05-27T19:32:46","modified_gmt":"2008-05-27T19:32:46","slug":"placido-domingo-se-presentara-en-altos-de-chavon-el-20-de-junio","status":"publish","type":"post","link":"https:\/\/diariodominicano.com\/?p=92797","title":{"rendered":"Pl\u00e1cido Domingo, se presentar\u00e1 en Altos de Chav\u00f3n el 20 de junio"},"content":{"rendered":"<p><body><\/p>\n<p class=\"titulogrande1\"><strong>Pl\u00e1cido Domingo, se  presentar\u00e1 en Altos de Chav\u00f3n el 20 de junio<\/strong><\/p>\n<p>&#13;<\/p>\n<p align=\"justify\" class=\"text1noticias\"><strong>SANTO  DOMINGO.- <\/strong>Autos &amp; Medios confirma la presentaci\u00f3n del primer tenor del mundo,  Pl\u00e1cido Domingo, en Rep\u00fablica Dominicana, el cual llega el 20 de junio al anfiteatro  de Altos de Chav\u00f3n, inform\u00f3 este martes el diario de noticias tur\u00edsticas  Resumen Turismo.<\/p>\n<p>&#13;<\/p>\n<p align=\"justify\" class=\"text1noticias\">\u201cAutos &amp;  Medios inform\u00f3 que su presentaci\u00f3n en dominicana es la \u00fanica parada que har\u00e1 el  espa\u00f1ol en Latinoam\u00e9rica durante su actual tour\u201d, destac\u00f3 la publicaci\u00f3n. <\/p>\n<p>&#13;<\/p>\n<p align=\"justify\" class=\"text1noticias\">Resalt\u00f3 que \u201cPasi\u00f3n  Espa\u00f1ola\u201d, es como el artista ha titulado su m\u00e1s reciente trabajo discogr\u00e1fico y  consiste en una selecci\u00f3n personal de las coplas espa\u00f1olas con las que creci\u00f3  en madrid.<\/p>\n<p>&#13;<\/p>\n<p align=\"justify\" class=\"text1noticias\">El diario  destac\u00f3 que la orquesta de 60 m\u00fasicos que lo acompa\u00f1ar\u00e1 la noche del 20 de junio  en la Romana  estar\u00e1 compuesta por m\u00fasicos de la orquesta sinf\u00f3nica Nacional y de Puerto  Rico.<\/p>\n<p>&#13;<\/p>\n<p align=\"justify\" class=\"text1noticias\">Indic\u00f3 que los  organizadores preparan junto con el equipo art\u00edstico del tenor madrile\u00f1o,  incluir canciones dominicanas para que sean interpretadas por el artista la  noche del concierto como forma de rendir tributo a la cultura dominicana. <\/p>\n<p>&#13;<\/p>\n<p align=\"justify\" class=\"text1noticias\">\u201cCon \u00e9sta  ser\u00eda la segunda vez que el tenor pisa suelo dominicano. La primera ocasi\u00f3n fue  en el 2002 cuando se present\u00f3 en el Teatro Nacional de Santo Domingo\u201d,  puntualiz\u00f3 la publicaci\u00f3n.<\/p>\n<p>&#13;<\/p>\n<h6> 2008-05-27 19:32:46 <\/h6>\n<p><!--\n<link rel=\"stylesheet\" href=\"css\/bootstrap.min.css\">\n\n\n<ul class=\"pagination\">\n\t    \n\t\n\n<li >\n\t<a href='?page_no=21418'>Previous<\/a>\n\t<\/li>\n\n\n       \n    \n\n<li><a href='?page_no=1'>1<\/a><\/li>\n\n\n\n<li><a href='?page_no=2'>2<\/a><\/li>\n\n\n\n<li><a>...<\/a><\/li>\n\n\n\n<li><a href='?page_no=21417'>21417<\/a><\/li>\n\n\n\n<li><a href='?page_no=21418'>21418<\/a><\/li>\n\n\n\n<li class='active'><a>21419<\/a><\/li>\n\n\n\n<li><a href='?page_no=21420'>21420<\/a><\/li>\n\n\n\n<li><a href='?page_no=21421'>21421<\/a><\/li>\n\n\n\n<li><a>...<\/a><\/li>\n\n\n\n<li><a href='?page_no=22522'>22522<\/a><\/li>\n\n\n\n<li><a href='?page_no=22523'>22523<\/a><\/li>\n\n    \n\t\n\n<li >\n\t<a href='?page_no=21420'>Next<\/a>\n\t<\/li>\n\n\n    \n\n<li><a href='?page_no=22523'>Last &rsaquo;&rsaquo;<\/a><\/li>\n\n<\/ul>\n\n\n--><br \/>\n<\/body><\/p>\n","protected":false},"excerpt":{"rendered":"<p>Pl\u00e1cido Domingo, se presentar\u00e1 en Altos de Chav\u00f3n el 20 de junio &#13; SANTO DOMINGO.- Autos &amp; Medios confirma la presentaci\u00f3n del primer tenor del mundo, Pl\u00e1cido Domingo, en Rep\u00fablica Dominicana, el cual llega el 20 de junio al anfiteatro de Altos de Chav\u00f3n, inform\u00f3 este martes el diario de noticias tur\u00edsticas Resumen Turismo. &#13; [&hellip;]<\/p>\n","protected":false},"author":3,"featured_media":0,"comment_status":"open","ping_status":"open","sticky":false,"template":"","format":"standard","meta":{"footnotes":""},"categories":[25],"tags":[],"class_list":["post-92797","post","type-post","status-publish","format-standard","hentry","category-gente"],"_links":{"self":[{"href":"https:\/\/diariodominicano.com\/index.php?rest_route=\/wp\/v2\/posts\/92797","targetHints":{"allow":["GET"]}}],"collection":[{"href":"https:\/\/diariodominicano.com\/index.php?rest_route=\/wp\/v2\/posts"}],"about":[{"href":"https:\/\/diariodominicano.com\/index.php?rest_route=\/wp\/v2\/types\/post"}],"author":[{"embeddable":true,"href":"https:\/\/diariodominicano.com\/index.php?rest_route=\/wp\/v2\/users\/3"}],"replies":[{"embeddable":true,"href":"https:\/\/diariodominicano.com\/index.php?rest_route=%2Fwp%2Fv2%2Fcomments&post=92797"}],"version-history":[{"count":0,"href":"https:\/\/diariodominicano.com\/index.php?rest_route=\/wp\/v2\/posts\/92797\/revisions"}],"wp:attachment":[{"href":"https:\/\/diariodominicano.com\/index.php?rest_route=%2Fwp%2Fv2%2Fmedia&parent=92797"}],"wp:term":[{"taxonomy":"category","embeddable":true,"href":"https:\/\/diariodominicano.com\/index.php?rest_route=%2Fwp%2Fv2%2Fcategories&post=92797"},{"taxonomy":"post_tag","embeddable":true,"href":"https:\/\/diariodominicano.com\/index.php?rest_route=%2Fwp%2Fv2%2Ftags&post=92797"}],"curies":[{"name":"wp","href":"https:\/\/api.w.org\/{rel}","templated":true}]}}