{"id":92794,"date":"2008-05-27T21:57:02","date_gmt":"2008-05-27T21:57:02","guid":{"rendered":"http:\/\/diariodominicano.ddns.net\/?p=92794"},"modified":"2008-05-27T21:57:02","modified_gmt":"2008-05-27T21:57:02","slug":"javier-solis-siempre-vigente","status":"publish","type":"post","link":"https:\/\/diariodominicano.com\/?p=92794","title":{"rendered":"Javier Sol\u00eds siempre vigente"},"content":{"rendered":"<p><body><\/p>\n<p align=\"justify\"><strong class=\"titulogrande1\">Javier  Sol\u00eds siempre vigente<\/strong><br \/>&#13;<br \/>\n  <br \/>&#13;<br \/>\n    <strong>Se presenta  un nuevo disco con 14 de sus grandes \u00e9xitos interpretados en las voces de grandes figuras de la m\u00fasica rom\u00e1ntica<\/strong><br \/>&#13;<br \/>\n    <br \/>&#13;<br \/>\n  <strong>Incluye  cl\u00e1sicos como \u201cSe te olvida (La mentira)\u201d, \u201cRenunciaci\u00f3n\u201d, \u201cSi Dios me quita la vida\u201d y \u201cSombras\u201d<\/strong><br \/>&#13;<br \/>\n  <br \/>&#13;<br \/>\n  <strong>Es un  lanzamiento de Apollo Music y est\u00e1 disponible desde hoy en las tiendas<\/strong><br \/>&#13;<br \/>\n  <strong><br \/>&#13;<br \/>\n  <img loading=\"lazy\" decoding=\"async\" src=\"http:\/\/localhost:8080\/gente\/img\/javier solis.jpg\" width=\"340\" height=\"340\" hspace=\"4\" align=\"left\" \/>Miami, Florida.-<\/strong><span class=\"text1noticias\"> Fue en el a\u00f1o 1957 cuando el legendario <strong>Javier Sol\u00eds<\/strong> conquista el mundo con su repertorio mexicano y su  estilo \u00fanico al interpretarlas. Su huella a\u00fan sigue viva y sus canciones  contin\u00faan viajando\u00a0ahora en las voces de grandes estrellas como <strong>Mar\u00eda Martha Serra Lima<\/strong>, <strong>Leo Dan<\/strong>, <strong>Vikki Carr<\/strong> y <strong>Danny Rivera<\/strong>,  entre muchos otros. Desde hoy, todas se unen en un disco homenaje al gran  maestro de la m\u00fasica mexicana.<br \/>&#13;<br \/>\n  <br \/>&#13;<br \/>\n\u201cQuerido Javier, Las  Canciones de Javier Sol\u00eds\u201d es el t\u00edtulo del disco que llega a las tiendas. All\u00ed  se escuchan las voces de <strong>Tania Libertad<\/strong> en \u201cSe te olvida (La mentira)\u201d, <strong>Cuco  S\u00e1nchez<\/strong>\u00a0 en \u201cRenunciaci\u00f3n\u201d, Mar\u00eda  Martha Serra Lima interpretando \u201cSi Dios me quita la vida\u201d y <strong>Gerardo Reyes<\/strong> en \u201cBorracho\u201d.<br \/>&#13;<br \/>\n<br \/>&#13;<br \/>\n Adem\u00e1s, el mismo  Javier canta a d\u00fao con Vikki Carr \u201cAmanec\u00ed en tus brazos\u201d, y con una serie de  estrellas como <strong>Leo Dan<\/strong> y <strong>Lorenzo de Monteclaro,<\/strong> una versi\u00f3n  solemne del cl\u00e1sico \u201cSombras\u201d. Esta es una oportunidad \u00fanica de volver a tener  todas esas canciones en un solo disco.<br \/>&#13;<br \/>\n<br \/>&#13;<br \/>\n\u201cQuerido Javier, Las  Canciones de Javier Sol\u00eds\u201d llega hoy a las tiendas en un lanzamiento de Apollo  Music.<\/span><\/p>\n<p>&#13;<\/p>\n<h6> 2008-05-27 21:57:02 <\/h6>\n<p><!--\n<link rel=\"stylesheet\" href=\"css\/bootstrap.min.css\">\n\n\n<ul class=\"pagination\">\n\t    \n\t\n\n<li >\n\t<a href='?page_no=21415'>Previous<\/a>\n\t<\/li>\n\n\n       \n    \n\n<li><a href='?page_no=1'>1<\/a><\/li>\n\n\n\n<li><a href='?page_no=2'>2<\/a><\/li>\n\n\n\n<li><a>...<\/a><\/li>\n\n\n\n<li><a href='?page_no=21414'>21414<\/a><\/li>\n\n\n\n<li><a href='?page_no=21415'>21415<\/a><\/li>\n\n\n\n<li class='active'><a>21416<\/a><\/li>\n\n\n\n<li><a href='?page_no=21417'>21417<\/a><\/li>\n\n\n\n<li><a href='?page_no=21418'>21418<\/a><\/li>\n\n\n\n<li><a>...<\/a><\/li>\n\n\n\n<li><a href='?page_no=22522'>22522<\/a><\/li>\n\n\n\n<li><a href='?page_no=22523'>22523<\/a><\/li>\n\n    \n\t\n\n<li >\n\t<a href='?page_no=21417'>Next<\/a>\n\t<\/li>\n\n\n    \n\n<li><a href='?page_no=22523'>Last &rsaquo;&rsaquo;<\/a><\/li>\n\n<\/ul>\n\n\n--><br \/>\n<\/body><\/p>\n","protected":false},"excerpt":{"rendered":"<p>Javier Sol\u00eds siempre vigente&#13; &#13; Se presenta un nuevo disco con 14 de sus grandes \u00e9xitos interpretados en las voces de grandes figuras de la m\u00fasica rom\u00e1ntica&#13; &#13; Incluye cl\u00e1sicos como \u201cSe te olvida (La mentira)\u201d, \u201cRenunciaci\u00f3n\u201d, \u201cSi Dios me quita la vida\u201d y \u201cSombras\u201d&#13; &#13; Es un lanzamiento de Apollo Music y est\u00e1 disponible [&hellip;]<\/p>\n","protected":false},"author":3,"featured_media":0,"comment_status":"open","ping_status":"open","sticky":false,"template":"","format":"standard","meta":{"footnotes":""},"categories":[25],"tags":[],"class_list":["post-92794","post","type-post","status-publish","format-standard","hentry","category-gente"],"_links":{"self":[{"href":"https:\/\/diariodominicano.com\/index.php?rest_route=\/wp\/v2\/posts\/92794","targetHints":{"allow":["GET"]}}],"collection":[{"href":"https:\/\/diariodominicano.com\/index.php?rest_route=\/wp\/v2\/posts"}],"about":[{"href":"https:\/\/diariodominicano.com\/index.php?rest_route=\/wp\/v2\/types\/post"}],"author":[{"embeddable":true,"href":"https:\/\/diariodominicano.com\/index.php?rest_route=\/wp\/v2\/users\/3"}],"replies":[{"embeddable":true,"href":"https:\/\/diariodominicano.com\/index.php?rest_route=%2Fwp%2Fv2%2Fcomments&post=92794"}],"version-history":[{"count":0,"href":"https:\/\/diariodominicano.com\/index.php?rest_route=\/wp\/v2\/posts\/92794\/revisions"}],"wp:attachment":[{"href":"https:\/\/diariodominicano.com\/index.php?rest_route=%2Fwp%2Fv2%2Fmedia&parent=92794"}],"wp:term":[{"taxonomy":"category","embeddable":true,"href":"https:\/\/diariodominicano.com\/index.php?rest_route=%2Fwp%2Fv2%2Fcategories&post=92794"},{"taxonomy":"post_tag","embeddable":true,"href":"https:\/\/diariodominicano.com\/index.php?rest_route=%2Fwp%2Fv2%2Ftags&post=92794"}],"curies":[{"name":"wp","href":"https:\/\/api.w.org\/{rel}","templated":true}]}}