{"id":92791,"date":"2008-05-28T20:46:07","date_gmt":"2008-05-28T20:46:07","guid":{"rendered":"http:\/\/diariodominicano.ddns.net\/?p=92791"},"modified":"2008-05-28T20:46:07","modified_gmt":"2008-05-28T20:46:07","slug":"juanes-visita-japon-y-protesta-contra-la-pobreza-mundial","status":"publish","type":"post","link":"https:\/\/diariodominicano.com\/?p=92791","title":{"rendered":"Juanes visita Jap\u00f3n y protesta contra la pobreza mundial"},"content":{"rendered":"<p><body><\/p>\n<p align=\"justify\"><span class=\"titulogrande1\">Juanes visita Jap\u00f3n y protesta contra la pobreza mundial <\/span><br \/>&#13;<br \/>\n  <br \/>&#13;<br \/>\n    <span class=\"text1noticias\">El cantante colombiano pidi\u00f3 hoy a los gobiernos que den a  los ciudadanos \u00ablo que se merecen\u00bb.<\/span><\/p>\n<p>&#13;<\/p>\n<p align=\"justify\" class=\"text1noticias\"><img loading=\"lazy\" decoding=\"async\" src=\"http:\/\/localhost:8080\/gente\/img\/juanes.jpg\" width=\"375\" height=\"270\" hspace=\"4\" align=\"left\" \/>El cantante colombiano Juanes, que unir\u00e1 ma\u00f1ana su voz a la  de otros artistas como Bono (U2) para protestar contra la pobreza mundial,  pidi\u00f3 hoy a los gobiernos que den a los ciudadanos \u00ablo que se  merecen\u00bb.<br \/>&#13;<br \/>\n  <br \/>&#13;<br \/>\n\u00abEl evento de ma\u00f1ana es un rechazo a la pobreza en el  que se trata de pedir como ciudadanos las cosas que merecemos\u00bb, dijo el  artista, refiri\u00e9ndose a \u00abcosas tan sencillas\u00bb como la paz o una vida  digna.<br \/>&#13;<br \/>\n<br \/>&#13;<br \/>\n Juanes, el irland\u00e9s Bono, vocalista de U2, y varios artistas  japoneses unir\u00e1n ma\u00f1ana sus voces, conocidas en todo el mundo por su m\u00fasica,  para \u00abpedir a los l\u00edderes mundiales que mantengan su promesa de luchar  contra la pobreza\u00bb.<br \/>&#13;<br \/>\n<br \/>&#13;<br \/>\nEl evento, que se realizar\u00e1 en Yokohama (centro de Jap\u00f3n) e  intentar\u00e1 captar la atenci\u00f3n de los mandatarios que se re\u00fanen en la cumbre del  G8 en Hokkaido, atraer\u00e1 a cerca de 1.500 personas que se agrupar\u00e1n formando un  ideograma japon\u00e9s que significa persona.<br \/>&#13;<br \/>\n<br \/>&#13;<br \/>\nNo es la primera vez que Juanes muestra su lado m\u00e1s  solidario. El cantante dirige la Fundaci\u00f3n Mi Sangre, que promueve la educaci\u00f3n  en la infancia m\u00e1s temprana y la rehabilitaci\u00f3n de las v\u00edctimas de las minas  antipersonales y municiones sin explotar.<br \/>&#13;<br \/>\n<br \/>&#13;<br \/>\nYa ha pasado siete veces por Jap\u00f3n, pero el compositor  colombiano asegura que todav\u00eda este pa\u00eds le parece \u00abterritorio de otro  planeta\u00bb y que siente que \u00abes como un milagro estar aqu\u00ed  promocionando un disco en espa\u00f1ol\u00bb.<br \/>&#13;<br \/>\n<br \/>&#13;<br \/>\n\u00abEl p\u00fablico japon\u00e9s es muy educado y amable, y adem\u00e1s  hace muy bien los deberes y se saben todas las canciones\u00bb, brome\u00f3 el  artista, que ha hecho una pausa en su gira mundial La vida, para promocionar su  disco en Jap\u00f3n y participar en el evento contra la pobreza.<br \/>&#13;<br \/>\n<br \/>&#13;<br \/>\nJuanes dijo que La Camisa Negra es su canci\u00f3n m\u00e1s conocida  entre sus seguidores nipones, pero que su single Me Enamora est\u00e1 cogiendo  \u00abmucha fuerza\u00bb en un pa\u00eds al que calific\u00f3 como \u00abmuy peque\u00f1o pero  con demasiadas cosas\u00bb.<br \/>&#13;<br \/>\n<br \/>&#13;<br \/>\nTras haber actuado en Valladolid, y antes de viajar en junio  a Londres, el colombiano pasar\u00e1 cinco d\u00edas en Jap\u00f3n promocionando su disco a  trav\u00e9s de varios conciertos y encuentros con sus seguidores.<br \/>&#13;<br \/>\n  <br \/>&#13;<br \/>\n  Fuente: La Tercera de Chile<\/p>\n<p>&#13;<\/p>\n<h6> 2008-05-28 20:46:07 <\/h6>\n<p><!--\n<link rel=\"stylesheet\" href=\"css\/bootstrap.min.css\">\n\n\n<ul class=\"pagination\">\n\t    \n\t\n\n<li >\n\t<a href='?page_no=21412'>Previous<\/a>\n\t<\/li>\n\n\n       \n    \n\n<li><a href='?page_no=1'>1<\/a><\/li>\n\n\n\n<li><a href='?page_no=2'>2<\/a><\/li>\n\n\n\n<li><a>...<\/a><\/li>\n\n\n\n<li><a href='?page_no=21411'>21411<\/a><\/li>\n\n\n\n<li><a href='?page_no=21412'>21412<\/a><\/li>\n\n\n\n<li class='active'><a>21413<\/a><\/li>\n\n\n\n<li><a href='?page_no=21414'>21414<\/a><\/li>\n\n\n\n<li><a href='?page_no=21415'>21415<\/a><\/li>\n\n\n\n<li><a>...<\/a><\/li>\n\n\n\n<li><a href='?page_no=22522'>22522<\/a><\/li>\n\n\n\n<li><a href='?page_no=22523'>22523<\/a><\/li>\n\n    \n\t\n\n<li >\n\t<a href='?page_no=21414'>Next<\/a>\n\t<\/li>\n\n\n    \n\n<li><a href='?page_no=22523'>Last &rsaquo;&rsaquo;<\/a><\/li>\n\n<\/ul>\n\n\n--><br \/>\n<\/body><\/p>\n","protected":false},"excerpt":{"rendered":"<p>Juanes visita Jap\u00f3n y protesta contra la pobreza mundial &#13; &#13; El cantante colombiano pidi\u00f3 hoy a los gobiernos que den a los ciudadanos \u00ablo que se merecen\u00bb. &#13; El cantante colombiano Juanes, que unir\u00e1 ma\u00f1ana su voz a la de otros artistas como Bono (U2) para protestar contra la pobreza mundial, pidi\u00f3 hoy a [&hellip;]<\/p>\n","protected":false},"author":3,"featured_media":0,"comment_status":"open","ping_status":"open","sticky":false,"template":"","format":"standard","meta":{"footnotes":""},"categories":[25],"tags":[],"class_list":["post-92791","post","type-post","status-publish","format-standard","hentry","category-gente"],"_links":{"self":[{"href":"https:\/\/diariodominicano.com\/index.php?rest_route=\/wp\/v2\/posts\/92791","targetHints":{"allow":["GET"]}}],"collection":[{"href":"https:\/\/diariodominicano.com\/index.php?rest_route=\/wp\/v2\/posts"}],"about":[{"href":"https:\/\/diariodominicano.com\/index.php?rest_route=\/wp\/v2\/types\/post"}],"author":[{"embeddable":true,"href":"https:\/\/diariodominicano.com\/index.php?rest_route=\/wp\/v2\/users\/3"}],"replies":[{"embeddable":true,"href":"https:\/\/diariodominicano.com\/index.php?rest_route=%2Fwp%2Fv2%2Fcomments&post=92791"}],"version-history":[{"count":0,"href":"https:\/\/diariodominicano.com\/index.php?rest_route=\/wp\/v2\/posts\/92791\/revisions"}],"wp:attachment":[{"href":"https:\/\/diariodominicano.com\/index.php?rest_route=%2Fwp%2Fv2%2Fmedia&parent=92791"}],"wp:term":[{"taxonomy":"category","embeddable":true,"href":"https:\/\/diariodominicano.com\/index.php?rest_route=%2Fwp%2Fv2%2Fcategories&post=92791"},{"taxonomy":"post_tag","embeddable":true,"href":"https:\/\/diariodominicano.com\/index.php?rest_route=%2Fwp%2Fv2%2Ftags&post=92791"}],"curies":[{"name":"wp","href":"https:\/\/api.w.org\/{rel}","templated":true}]}}