{"id":92670,"date":"2008-07-01T23:26:38","date_gmt":"2008-07-01T23:26:38","guid":{"rendered":"http:\/\/diariodominicano.ddns.net\/?p=92670"},"modified":"2008-07-01T23:26:38","modified_gmt":"2008-07-01T23:26:38","slug":"freddy-acosta-el-merengue-clasico-no-morira-por-ahora","status":"publish","type":"post","link":"https:\/\/diariodominicano.com\/?p=92670","title":{"rendered":"Freddy Acosta: \u201cEl merengue cl\u00e1sico no morir\u00e1 por ahora\u201d"},"content":{"rendered":"<p><body><\/p>\n<p class=\"titulogrande1\"><strong>Freddy Acosta:<\/strong> <strong>\u201cEl merengue cl\u00e1sico no morir\u00e1 por ahora\u201d<\/strong><\/p>\n<p>&#13;<\/p>\n<p align=\"justify\" class=\"text1noticias\"><strong>Asegura, que los mamberos han tergiversado el ritmo<\/strong><\/p>\n<p>&#13;<\/p>\n<p align=\"justify\" class=\"text1noticias\"><img loading=\"lazy\" decoding=\"async\" src=\"http:\/\/localhost:8080\/gente\/img\/fredy acosta.jpg\" width=\"375\" height=\"588\" hspace=\"4\" align=\"left\" \/>El exponente\u00a0 merenguero Freddy Acosta, dijo que la esencia del verdadero merengue, \u201cno  perecer\u00e1 por todos estos a\u00f1os\u201d y\u00a0 agreg\u00f3  al mismo tiempo, que una muestra de  eso,\u00a0 \u201ces el \u00e9xito que han tenido los  \u201cEspect\u00e1culos de los 80\u201d,  que re\u00fane a muchos merengueros que fueron figuras en esa d\u00e9cada.<\/p>\n<p>&#13;<\/p>\n<p align=\"justify\" class=\"text1noticias\">Preciso, que los organizadores de  esos eventos, han podido constatar que la esencia del verdadero merengue, es el  romanticismo, \u201cporque lleno toda una \u00e9poca\u201d, y sus protagonistas todav\u00eda son  querido por el publico.<\/p>\n<p>&#13;<\/p>\n<p align=\"justify\" class=\"text1noticias\">Acosta, quien estudi\u00f3\u00a0 m\u00fasica en Estados Unidos, se\u00f1alo que el  merengue urbano \u201ces un fen\u00f3meno que necesita ser analizado, desde el punto de  vista musical y sociol\u00f3gico\u201d, por las letras que lo adornan.<\/p>\n<p>&#13;<\/p>\n<p align=\"justify\" class=\"text1noticias\"> Indic\u00f3 que los j\u00f3venes que  exponen ese ritmo, \u201chan transformado la armon\u00eda del genero musical de los  dominicanos, y algunos, han coincidido con el publico joven\u201d, pero, por eso no,  no pueden afirmar, que han desplazado a los tradicionales.<\/p>\n<p>&#13;<\/p>\n<p align=\"justify\" class=\"text1noticias\">Freddy Acosta, quien desde hace  varios meses, est\u00e1 en el ambiente art\u00edstico con\u00a0  su agrupaci\u00f3n, explic\u00f3, que su colectivo, es demandado, por la  calidad\u00a0 musical, y se mantiene  amenizando actividades en diferentes hoteles del pais y centros de diversi\u00f3n.<\/p>\n<p>&#13;<\/p>\n<p align=\"justify\" class=\"text1noticias\">Actualmente suena en la radio  nacional su corte \u201cUn Nuevo Amor\u201d, que\u00a0 a  su juicio, \u201cle ha abierto las puertas en el p\u00fablico que espera todav\u00eda, cosas  buenas del merengue\u201d.<\/p>\n<p>&#13;<\/p>\n<p align=\"justify\" class=\"text1noticias\"> Dijo que su propuesta discogr\u00e1fica,  estar\u00e1 pr\u00f3ximamente el mercado nacional y esta estructurada en 10  composiciones, entre estas adaptaciones y letras\u00a0 in\u00e9ditas. <\/p>\n<p>&#13;<\/p>\n<p align=\"justify\" class=\"text1noticias\">\u201cTambi\u00e9n, inclu\u00ed un tema que hago  a d\u00fao con el salsero Jos\u00e9 Alberto (El Canario), titulado \u201cSomos Diferentes\u201d, y  una adaptaci\u00f3n al tema \u201cQuisiera\u201d, de Alejandro Sanz, y que estoy seguro,  ambos, \u00a0calar\u00e1n r\u00e1pidamente\u201d, apunt\u00f3.<\/p>\n<p>&#13;<\/p>\n<h6> 2008-07-01 23:26:38 <\/h6>\n<p><!--\n<link rel=\"stylesheet\" href=\"css\/bootstrap.min.css\">\n\n\n<ul class=\"pagination\">\n\t    \n\t\n\n<li >\n\t<a href='?page_no=21291'>Previous<\/a>\n\t<\/li>\n\n\n       \n    \n\n<li><a href='?page_no=1'>1<\/a><\/li>\n\n\n\n<li><a href='?page_no=2'>2<\/a><\/li>\n\n\n\n<li><a>...<\/a><\/li>\n\n\n\n<li><a href='?page_no=21290'>21290<\/a><\/li>\n\n\n\n<li><a href='?page_no=21291'>21291<\/a><\/li>\n\n\n\n<li class='active'><a>21292<\/a><\/li>\n\n\n\n<li><a href='?page_no=21293'>21293<\/a><\/li>\n\n\n\n<li><a href='?page_no=21294'>21294<\/a><\/li>\n\n\n\n<li><a>...<\/a><\/li>\n\n\n\n<li><a href='?page_no=22522'>22522<\/a><\/li>\n\n\n\n<li><a href='?page_no=22523'>22523<\/a><\/li>\n\n    \n\t\n\n<li >\n\t<a href='?page_no=21293'>Next<\/a>\n\t<\/li>\n\n\n    \n\n<li><a href='?page_no=22523'>Last &rsaquo;&rsaquo;<\/a><\/li>\n\n<\/ul>\n\n\n--><br \/>\n<\/body><\/p>\n","protected":false},"excerpt":{"rendered":"<p>Freddy Acosta: \u201cEl merengue cl\u00e1sico no morir\u00e1 por ahora\u201d &#13; Asegura, que los mamberos han tergiversado el ritmo &#13; El exponente\u00a0 merenguero Freddy Acosta, dijo que la esencia del verdadero merengue, \u201cno perecer\u00e1 por todos estos a\u00f1os\u201d y\u00a0 agreg\u00f3 al mismo tiempo, que una muestra de eso,\u00a0 \u201ces el \u00e9xito que han tenido los \u201cEspect\u00e1culos [&hellip;]<\/p>\n","protected":false},"author":3,"featured_media":0,"comment_status":"open","ping_status":"open","sticky":false,"template":"","format":"standard","meta":{"footnotes":""},"categories":[25],"tags":[],"class_list":["post-92670","post","type-post","status-publish","format-standard","hentry","category-gente"],"_links":{"self":[{"href":"https:\/\/diariodominicano.com\/index.php?rest_route=\/wp\/v2\/posts\/92670","targetHints":{"allow":["GET"]}}],"collection":[{"href":"https:\/\/diariodominicano.com\/index.php?rest_route=\/wp\/v2\/posts"}],"about":[{"href":"https:\/\/diariodominicano.com\/index.php?rest_route=\/wp\/v2\/types\/post"}],"author":[{"embeddable":true,"href":"https:\/\/diariodominicano.com\/index.php?rest_route=\/wp\/v2\/users\/3"}],"replies":[{"embeddable":true,"href":"https:\/\/diariodominicano.com\/index.php?rest_route=%2Fwp%2Fv2%2Fcomments&post=92670"}],"version-history":[{"count":0,"href":"https:\/\/diariodominicano.com\/index.php?rest_route=\/wp\/v2\/posts\/92670\/revisions"}],"wp:attachment":[{"href":"https:\/\/diariodominicano.com\/index.php?rest_route=%2Fwp%2Fv2%2Fmedia&parent=92670"}],"wp:term":[{"taxonomy":"category","embeddable":true,"href":"https:\/\/diariodominicano.com\/index.php?rest_route=%2Fwp%2Fv2%2Fcategories&post=92670"},{"taxonomy":"post_tag","embeddable":true,"href":"https:\/\/diariodominicano.com\/index.php?rest_route=%2Fwp%2Fv2%2Ftags&post=92670"}],"curies":[{"name":"wp","href":"https:\/\/api.w.org\/{rel}","templated":true}]}}