{"id":92669,"date":"2008-07-02T00:25:35","date_gmt":"2008-07-02T00:25:35","guid":{"rendered":"http:\/\/diariodominicano.ddns.net\/?p=92669"},"modified":"2008-07-02T00:25:35","modified_gmt":"2008-07-02T00:25:35","slug":"los-caminantes-con-sus-rancheras-mas-chulas","status":"publish","type":"post","link":"https:\/\/diariodominicano.com\/?p=92669","title":{"rendered":"Los Caminantes con sus rancheras m\u00e1s chulas"},"content":{"rendered":"<p><body><\/p>\n<p class=\"titulogrande1\">Los Caminantes con  sus rancheras m\u00e1s chulas<\/p>\n<p>&#13;<\/p>\n<p align=\"justify\" class=\"text1noticias\">El legendario  grupo de Guanajuato presenta una colecci\u00f3n con sus grandes \u00e9xitos rancheros<\/p>\n<p>&#13;<\/p>\n<p align=\"justify\" class=\"text1noticias\">Incluye un CD con  20 canciones y un combo de CD con 16 temas y un DVD con la pel\u00edcula \u201cCaminantes  si hay camino\u201d<br \/>&#13;<br \/>\n  <br \/>&#13;<br \/>\nDesde hoy martes  1 de julio est\u00e1 disponible en todas las tiendas y es otro lanzamiento de Sony  BMG Latin<\/p>\n<p>&#13;<\/p>\n<p align=\"justify\" class=\"text1noticias\"><strong><img loading=\"lazy\" decoding=\"async\" src=\"http:\/\/localhost:8080\/gente\/img\/caminantes.jpg\" width=\"375\" height=\"249\" hspace=\"4\" align=\"left\" \/>Miami, FL.-<\/strong> Los Caminantes son aut\u00e9nticos \u00eddolos de su pueblo. Desde    el estado mexicano de Guanajuato fueron conquistando a un p\u00fablico que hoy    trasciende las fronteras de su pa\u00eds y los hace uno de los grupos m\u00e1s    respetados de Estados Unidos en el g\u00e9nero de m\u00fasica grupera. <\/p>\n<p>&#13;<\/p>\n<p align=\"justify\" class=\"text1noticias\">Sony BMG Latin  presenta un lanzamiento esperado por sus fan\u00e1ticos. Se trata de \u201cCaminantes\u2026 s\u00ed  hay caminos.<br \/>&#13;<br \/>\n  <br \/> &#13;<br \/>\nSus rancheras m\u00e1s chulas\u201d, donde se incluyen los temas rancheros  m\u00e1s famosos de la carrera de Los Caminantes que comenz\u00f3 en la d\u00e9cada del 80,  as\u00ed como un DVD con la pel\u00edcula que marc\u00f3 su debut en la cinematograf\u00eda.<\/p>\n<p>&#13;<\/p>\n<p align=\"justify\" class=\"text1noticias\"> Temas como \u201cEl ausente\u201d, \u201cAy palomita\u201d, \u201cEl  puente roto\u201d, \u201cLa palma prieta\u201d, \u201cLinda\u201d, \u201cTu nuevo cari\u00f1ito\u201d, \u201cLa cama de piedra\u201d  y \u201cCaminos de Guanajuato\u201d son parte de esta cuidada selecci\u00f3n en CD. Adem\u00e1s se  puede conseguir el DVD con la pel\u00edcula \u201cCaminantes\u2026 s\u00ed hay camino\u201d, donde no  faltan la emoci\u00f3n, la acci\u00f3n, el drama y la m\u00fasica.<\/p>\n<p>&#13;<\/p>\n<p align=\"justify\" class=\"text1noticias\">La agrupaci\u00f3n  cuenta con innumerables logros art\u00edsticos, entre los que se cuentan varios  \u201cPremios Lo Nuestro\u201d, \u201cHeraldo\u201d, \u201cAzteca de Oro\u201d y \u201cFuria Musical\u201d, entre  otros, adem\u00e1s de los discos de oro y su participaci\u00f3n en los primeros lugares  de las listas Billboard.<\/p>\n<p>&#13;<\/p>\n<p align=\"justify\" class=\"text1noticias\">Este lanzamiento ya est\u00e1 disponible en todas  las tiendas a partir de hoy martes 1 de julio en formato de CD con 20 grandes  \u00e9xitos y un combo de CD con 16 temas y un DVD con la pel\u00edcula, \u00e9ste en  presentaci\u00f3n regular (Empaque de CD) y empaque de pel\u00edcula o v\u00eddeo musical.<\/p>\n<p>&#13;<\/p>\n<h6> 2008-07-02 00:25:35 <\/h6>\n<p><!--\n<link rel=\"stylesheet\" href=\"css\/bootstrap.min.css\">\n\n\n<ul class=\"pagination\">\n\t    \n\t\n\n<li >\n\t<a href='?page_no=21290'>Previous<\/a>\n\t<\/li>\n\n\n       \n    \n\n<li><a href='?page_no=1'>1<\/a><\/li>\n\n\n\n<li><a href='?page_no=2'>2<\/a><\/li>\n\n\n\n<li><a>...<\/a><\/li>\n\n\n\n<li><a href='?page_no=21289'>21289<\/a><\/li>\n\n\n\n<li><a href='?page_no=21290'>21290<\/a><\/li>\n\n\n\n<li class='active'><a>21291<\/a><\/li>\n\n\n\n<li><a href='?page_no=21292'>21292<\/a><\/li>\n\n\n\n<li><a href='?page_no=21293'>21293<\/a><\/li>\n\n\n\n<li><a>...<\/a><\/li>\n\n\n\n<li><a href='?page_no=22522'>22522<\/a><\/li>\n\n\n\n<li><a href='?page_no=22523'>22523<\/a><\/li>\n\n    \n\t\n\n<li >\n\t<a href='?page_no=21292'>Next<\/a>\n\t<\/li>\n\n\n    \n\n<li><a href='?page_no=22523'>Last &rsaquo;&rsaquo;<\/a><\/li>\n\n<\/ul>\n\n\n--><br \/>\n<\/body><\/p>\n","protected":false},"excerpt":{"rendered":"<p>Los Caminantes con sus rancheras m\u00e1s chulas &#13; El legendario grupo de Guanajuato presenta una colecci\u00f3n con sus grandes \u00e9xitos rancheros &#13; Incluye un CD con 20 canciones y un combo de CD con 16 temas y un DVD con la pel\u00edcula \u201cCaminantes si hay camino\u201d&#13; &#13; Desde hoy martes 1 de julio est\u00e1 disponible [&hellip;]<\/p>\n","protected":false},"author":3,"featured_media":0,"comment_status":"open","ping_status":"open","sticky":false,"template":"","format":"standard","meta":{"footnotes":""},"categories":[25],"tags":[],"class_list":["post-92669","post","type-post","status-publish","format-standard","hentry","category-gente"],"_links":{"self":[{"href":"https:\/\/diariodominicano.com\/index.php?rest_route=\/wp\/v2\/posts\/92669","targetHints":{"allow":["GET"]}}],"collection":[{"href":"https:\/\/diariodominicano.com\/index.php?rest_route=\/wp\/v2\/posts"}],"about":[{"href":"https:\/\/diariodominicano.com\/index.php?rest_route=\/wp\/v2\/types\/post"}],"author":[{"embeddable":true,"href":"https:\/\/diariodominicano.com\/index.php?rest_route=\/wp\/v2\/users\/3"}],"replies":[{"embeddable":true,"href":"https:\/\/diariodominicano.com\/index.php?rest_route=%2Fwp%2Fv2%2Fcomments&post=92669"}],"version-history":[{"count":0,"href":"https:\/\/diariodominicano.com\/index.php?rest_route=\/wp\/v2\/posts\/92669\/revisions"}],"wp:attachment":[{"href":"https:\/\/diariodominicano.com\/index.php?rest_route=%2Fwp%2Fv2%2Fmedia&parent=92669"}],"wp:term":[{"taxonomy":"category","embeddable":true,"href":"https:\/\/diariodominicano.com\/index.php?rest_route=%2Fwp%2Fv2%2Fcategories&post=92669"},{"taxonomy":"post_tag","embeddable":true,"href":"https:\/\/diariodominicano.com\/index.php?rest_route=%2Fwp%2Fv2%2Ftags&post=92669"}],"curies":[{"name":"wp","href":"https:\/\/api.w.org\/{rel}","templated":true}]}}