{"id":92665,"date":"2008-07-02T19:19:18","date_gmt":"2008-07-02T19:19:18","guid":{"rendered":"http:\/\/diariodominicano.ddns.net\/?p=92665"},"modified":"2008-07-02T19:19:18","modified_gmt":"2008-07-02T19:19:18","slug":"regresan-los-fabulosos-cadillacs-despues-de-seis-anos","status":"publish","type":"post","link":"https:\/\/diariodominicano.com\/?p=92665","title":{"rendered":"Regresan Los Fabulosos Cadillacs despu\u00e9s de seis a\u00f1os"},"content":{"rendered":"<p><body><\/p>\n<p align=\"justify\"><span class=\"titulogrande1\">Regresan Los Fabulosos Cadillacs despu\u00e9s de seis a\u00f1os <\/span><br \/>&#13;<br \/>\n  <br \/>&#13;<br \/>\n    <span class=\"text1noticias\">La banda transandina, se present\u00f3 ante unas 10 mil personas,  con un breve show que marc\u00f3 su retorno a los escenarios. <\/span><\/p>\n<p>&#13;<\/p>\n<p align=\"justify\" class=\"text1noticias\"><img loading=\"lazy\" decoding=\"async\" src=\"http:\/\/localhost:8080\/gente\/img\/cadillacs.jpg\" width=\"375\" height=\"258\" hspace=\"4\" align=\"left\" \/>La banda transandina se present\u00f3 anoche al aire libre en  Buenos Aires, en el marco del inicio de su pr\u00f3xima gira musical, que incluye  m\u00e1s de 50 shows por Latinoam\u00e9rica, Estados Unidos y Espa\u00f1a, y que comienza el  pr\u00f3ximo 5 de noviembre en la capital mexicana.<br \/>&#13;<br \/>\n  <br \/>&#13;<br \/>\n  Diez mil personas se congregaron en las inmediaciones del  Planetario de Buenos Aires para ver el regreso del exitoso grupo, cuyo  escenario y hora fue guardado como un secreto hasta ayer, cuando fue revelado  en el sitio web oficial del grupo.<br \/>&#13;<br \/>\n  <br \/>&#13;<br \/>\n  Liderada por el cantante Gabriel \u00abVicentico\u00bb Fern\u00e1ndez  Capello y el bajista Flavio Ciancirullo, Los Fabulosos Cadillacs repasaron sus  principales \u00e9xitos, los que lo convirtieron en uno de los m\u00fasicos m\u00e1s  influyentes de las d\u00e9cadas de 1980 y 1990, como Mi novia se cay\u00f3 en un pozo  ciego y Siguiendo la luna. <br \/>&#13;<br \/>\n  <br \/>&#13;<br \/>\n  Adem\u00e1s, incluyeron como un adelanto de lo que ser\u00e1 su  pr\u00f3ximo \u00e1lbum, que grabar\u00e1n en los pr\u00f3ximos meses, la canci\u00f3n in\u00e9dita titulada La  luz del ritmo.<br \/>&#13;<br \/>\n  <br \/>&#13;<br \/>\n\u00abEs m\u00e1s que una alegr\u00eda (este regreso). Le dedicamos  este concierto y todos los que haremos a Gerardo (\u00abToto\u00bb  Rodblat)\u00bb, dijo el vocalista, en alusi\u00f3n al percusionista del grupo, Gerardo  Rotblat, quien falleci\u00f3 el 17 de abril de este a\u00f1o.<br \/>&#13;<br \/>\n<br \/>&#13;<br \/>\nLa banda ensay\u00f3 desde hace m\u00e1s de 45 d\u00edas en Buenos Aires  con los nuevos integrantes, Mat\u00edas V en guitarra y Jos\u00e9 Bale como  percusionista, en reemplazo de An\u00edbal Rigozzi y Rotblat.<br \/>&#13;<br \/>\n<br \/>&#13;<br \/>\nTras la experiencia vivida por Soda Stereo con la gira  \u00abMe ver\u00e1s volver\u00bb, Los Fabulosos Cadillacs decidieron utilizar la  misma estrategia y para la ocasi\u00f3n utilizaron la frase \u00abYo te avis\u00e9\u00bb.<br \/>&#13;<br \/>\n<br \/>&#13;<br \/>\nLa agrupaci\u00f3n argentina, que cuenta con m\u00e1s de veinte a\u00f1os  de trayectoria, 11 \u00e1lbumes de estudio y ganadora de varios premios Grammy,  iniciar\u00e1 su gira en M\u00e9xico, siendo \u00e9sta la \u00fanica fecha por ahora confirmada, ya  que a\u00fan no se dieron a conocer los d\u00edas y lugares de los shows en Monterrey y  Guadalajara.<\/p>\n<p>&#13;<br \/>\n&#13;<br \/>\nFuente: La Tercera de Chile<\/p>\n<h6> 2008-07-02 19:19:18 <\/h6>\n<p><!--\n<link rel=\"stylesheet\" href=\"css\/bootstrap.min.css\">\n\n\n<ul class=\"pagination\">\n\t    \n\t\n\n<li >\n\t<a href='?page_no=21286'>Previous<\/a>\n\t<\/li>\n\n\n       \n    \n\n<li><a href='?page_no=1'>1<\/a><\/li>\n\n\n\n<li><a href='?page_no=2'>2<\/a><\/li>\n\n\n\n<li><a>...<\/a><\/li>\n\n\n\n<li><a href='?page_no=21285'>21285<\/a><\/li>\n\n\n\n<li><a href='?page_no=21286'>21286<\/a><\/li>\n\n\n\n<li class='active'><a>21287<\/a><\/li>\n\n\n\n<li><a href='?page_no=21288'>21288<\/a><\/li>\n\n\n\n<li><a href='?page_no=21289'>21289<\/a><\/li>\n\n\n\n<li><a>...<\/a><\/li>\n\n\n\n<li><a href='?page_no=22522'>22522<\/a><\/li>\n\n\n\n<li><a href='?page_no=22523'>22523<\/a><\/li>\n\n    \n\t\n\n<li >\n\t<a href='?page_no=21288'>Next<\/a>\n\t<\/li>\n\n\n    \n\n<li><a href='?page_no=22523'>Last &rsaquo;&rsaquo;<\/a><\/li>\n\n<\/ul>\n\n\n--><br \/>\n<\/body><\/p>\n","protected":false},"excerpt":{"rendered":"<p>Regresan Los Fabulosos Cadillacs despu\u00e9s de seis a\u00f1os &#13; &#13; La banda transandina, se present\u00f3 ante unas 10 mil personas, con un breve show que marc\u00f3 su retorno a los escenarios. &#13; La banda transandina se present\u00f3 anoche al aire libre en Buenos Aires, en el marco del inicio de su pr\u00f3xima gira musical, que [&hellip;]<\/p>\n","protected":false},"author":3,"featured_media":0,"comment_status":"open","ping_status":"open","sticky":false,"template":"","format":"standard","meta":{"footnotes":""},"categories":[25],"tags":[],"class_list":["post-92665","post","type-post","status-publish","format-standard","hentry","category-gente"],"_links":{"self":[{"href":"https:\/\/diariodominicano.com\/index.php?rest_route=\/wp\/v2\/posts\/92665","targetHints":{"allow":["GET"]}}],"collection":[{"href":"https:\/\/diariodominicano.com\/index.php?rest_route=\/wp\/v2\/posts"}],"about":[{"href":"https:\/\/diariodominicano.com\/index.php?rest_route=\/wp\/v2\/types\/post"}],"author":[{"embeddable":true,"href":"https:\/\/diariodominicano.com\/index.php?rest_route=\/wp\/v2\/users\/3"}],"replies":[{"embeddable":true,"href":"https:\/\/diariodominicano.com\/index.php?rest_route=%2Fwp%2Fv2%2Fcomments&post=92665"}],"version-history":[{"count":0,"href":"https:\/\/diariodominicano.com\/index.php?rest_route=\/wp\/v2\/posts\/92665\/revisions"}],"wp:attachment":[{"href":"https:\/\/diariodominicano.com\/index.php?rest_route=%2Fwp%2Fv2%2Fmedia&parent=92665"}],"wp:term":[{"taxonomy":"category","embeddable":true,"href":"https:\/\/diariodominicano.com\/index.php?rest_route=%2Fwp%2Fv2%2Fcategories&post=92665"},{"taxonomy":"post_tag","embeddable":true,"href":"https:\/\/diariodominicano.com\/index.php?rest_route=%2Fwp%2Fv2%2Ftags&post=92665"}],"curies":[{"name":"wp","href":"https:\/\/api.w.org\/{rel}","templated":true}]}}