{"id":92664,"date":"2008-07-02T21:31:49","date_gmt":"2008-07-02T21:31:49","guid":{"rendered":"http:\/\/diariodominicano.ddns.net\/?p=92664"},"modified":"2008-07-02T21:31:49","modified_gmt":"2008-07-02T21:31:49","slug":"reggaettoneros-jhamir-y-edward-vendran-de-gira-promocional-a-rd","status":"publish","type":"post","link":"https:\/\/diariodominicano.com\/?p=92664","title":{"rendered":"Reggaettoneros Jhamir y Edward vendr\u00e1n de gira promocional a RD"},"content":{"rendered":"<p><body><\/p>\n<p align=\"center\" class=\"titulogrande1\"><strong>Reggaettoneros Jhamir y  Edward vendr\u00e1n de gira promocional a RD<\/strong><\/p>\n<p>&#13;<\/p>\n<p align=\"justify\"><span class=\"text1noticias\"><strong><img loading=\"lazy\" decoding=\"async\" src=\"http:\/\/localhost:8080\/gente\/img\/reguea.jpg\" width=\"375\" height=\"742\" hspace=\"4\" align=\"left\" \/>Santo Domingo<\/strong>.- Yhamir y Edward (La Nueva Orden) son lo  nuevo y lo din\u00e1mico en el g\u00e9nero del reggaet\u00f3n. Se trata <strong>\u00a0<\/strong>de un d\u00fao que est\u00e1 causando  sensaci\u00f3n en Latinoam\u00e9rica y que vendr\u00e1n a agotar una gira promocional desde el  31 de julio hasta el pr\u00f3ximo 11 de agosto.<\/span><\/p>\n<p>&#13;<\/p>\n<p align=\"justify\" class=\"text1noticias\">Ambos artistas est\u00e1n trabajando en muchos proyectos  tales como \u201cThe New Order\u201d y \u201cLa   Monarqu\u00eda\u201d. Este dueto se estar\u00e1 presentando en los  principales programas de televisi\u00f3n como s\u00e1bado de Corpor\u00e1n, Esc\u00e1ndalo del 13,  Show del Mediod\u00eda y Opci\u00f3n de las Doce.<\/p>\n<p>&#13;<\/p>\n<p align=\"justify\" class=\"text1noticias\">Tambi\u00e9n se presentar\u00e1n en La Romana en el programa \u201cCon  Agust\u00edn en TV\u201d. En la   Super Revista, Con Chabelli, El Kan del 4, y conceder\u00e1n\u00a0 entrevistas de radio y televisi\u00f3n adem\u00e1s de girar  una visita a los principales peri\u00f3dicos impresos del pa\u00eds.<\/p>\n<p>&#13;<\/p>\n<p align=\"justify\" class=\"text1noticias\">\u201cTe voy a llevar\u201d as\u00ed se llama el tea con el que est\u00e1n  sonando en las principales estaciones de radio que difunden el g\u00e9nero del  reggaett\u00f3n y el mismo tambi\u00e9n se deja escuchar en discotecas colmadones y  centros nocturnos.<\/p>\n<p>&#13;<\/p>\n<p align=\"justify\" class=\"text1noticias\">Yhamir y Edward son dos j\u00f3venes talentos que con sus  diferentes culturas desde los 12 a\u00f1os vienen creando la combinaci\u00f3n perfecta  dando rienda suelta a la imaginaci\u00f3n y explotando lo mejor de su arte que los  hace acreedores de ser el d\u00fao del momento.<\/p>\n<p>&#13;<\/p>\n<p align=\"justify\" class=\"text1noticias\">Ambos sin duda alguna han venido causando sensaci\u00f3n  entre los j\u00f3venes por su estilo extravagante y pegajoso. <br \/>&#13;<br \/>\n  <br \/>&#13;<br \/>\nHoy en d\u00eda forman un  d\u00fao innovador con un estilo lleno de ideas y de ritmos musicales satisfaciendo  de esa manera el gusto de los m\u00e1s exigentes. <\/p>\n<p>&#13;<\/p>\n<p align=\"justify\" class=\"text1noticias\">Siendo un d\u00fao tan joven tienen una larga trayectoria  musical participando en innumerables conciertos, festivales y en shows de  nuestras comunidades latinas tales como: festival dominicano, peruano,  colombiano, ecuatoriano, mexicano y participando tambi\u00e9n en los festivales de  las emisoras radiales con mayor audiencia en los Estados Unidos como \u201cla Kalle y la Mega\u201d <\/p>\n<p>&#13;<\/p>\n<p align=\"justify\" class=\"text1noticias\">Adem\u00e1s haci\u00e9ndose presente en la gran parada  puertorrique\u00f1a de la ciudad de New York cant\u00e1ndoles a m\u00e1s de 2 millones de  espectadores.<\/p>\n<p>&#13;<\/p>\n<p align=\"justify\" class=\"text1noticias\">Yhamir y Edward siendo nominados en la categor\u00eda  nuevos talentos en los premios del reggaett\u00f3n en Puerto Rico 2006-2007;  ganadores de d\u00fao a la trayectoria 2006 (premios reggaett\u00f3n USA), abriendo shows  y compitiendo escenarios con los grandes exponentes de la m\u00fasica latina.<\/p>\n<p>&#13;<\/p>\n<p align=\"justify\" class=\"text1noticias\">Ambos j\u00f3venes con sus ra\u00edces caribe\u00f1as y sudamericanas  prometen dar muchas sorpresas en su carrera musical con el continuo apoyo del  p\u00fablico, productores y compa\u00f1\u00edas musicales\u00a0  har\u00e1n de ellos algo nunca visto en la historia de la m\u00fasica latina.<\/p>\n<p>&#13;<\/p>\n<h6> 2008-07-02 21:31:49 <\/h6>\n<p><!--\n<link rel=\"stylesheet\" href=\"css\/bootstrap.min.css\">\n\n\n<ul class=\"pagination\">\n\t    \n\t\n\n<li >\n\t<a href='?page_no=21285'>Previous<\/a>\n\t<\/li>\n\n\n       \n    \n\n<li><a href='?page_no=1'>1<\/a><\/li>\n\n\n\n<li><a href='?page_no=2'>2<\/a><\/li>\n\n\n\n<li><a>...<\/a><\/li>\n\n\n\n<li><a href='?page_no=21284'>21284<\/a><\/li>\n\n\n\n<li><a href='?page_no=21285'>21285<\/a><\/li>\n\n\n\n<li class='active'><a>21286<\/a><\/li>\n\n\n\n<li><a href='?page_no=21287'>21287<\/a><\/li>\n\n\n\n<li><a href='?page_no=21288'>21288<\/a><\/li>\n\n\n\n<li><a>...<\/a><\/li>\n\n\n\n<li><a href='?page_no=22522'>22522<\/a><\/li>\n\n\n\n<li><a href='?page_no=22523'>22523<\/a><\/li>\n\n    \n\t\n\n<li >\n\t<a href='?page_no=21287'>Next<\/a>\n\t<\/li>\n\n\n    \n\n<li><a href='?page_no=22523'>Last &rsaquo;&rsaquo;<\/a><\/li>\n\n<\/ul>\n\n\n--><br \/>\n<\/body><\/p>\n","protected":false},"excerpt":{"rendered":"<p>Reggaettoneros Jhamir y Edward vendr\u00e1n de gira promocional a RD &#13; Santo Domingo.- Yhamir y Edward (La Nueva Orden) son lo nuevo y lo din\u00e1mico en el g\u00e9nero del reggaet\u00f3n. Se trata \u00a0de un d\u00fao que est\u00e1 causando sensaci\u00f3n en Latinoam\u00e9rica y que vendr\u00e1n a agotar una gira promocional desde el 31 de julio hasta [&hellip;]<\/p>\n","protected":false},"author":3,"featured_media":0,"comment_status":"open","ping_status":"open","sticky":false,"template":"","format":"standard","meta":{"footnotes":""},"categories":[25],"tags":[],"class_list":["post-92664","post","type-post","status-publish","format-standard","hentry","category-gente"],"_links":{"self":[{"href":"https:\/\/diariodominicano.com\/index.php?rest_route=\/wp\/v2\/posts\/92664","targetHints":{"allow":["GET"]}}],"collection":[{"href":"https:\/\/diariodominicano.com\/index.php?rest_route=\/wp\/v2\/posts"}],"about":[{"href":"https:\/\/diariodominicano.com\/index.php?rest_route=\/wp\/v2\/types\/post"}],"author":[{"embeddable":true,"href":"https:\/\/diariodominicano.com\/index.php?rest_route=\/wp\/v2\/users\/3"}],"replies":[{"embeddable":true,"href":"https:\/\/diariodominicano.com\/index.php?rest_route=%2Fwp%2Fv2%2Fcomments&post=92664"}],"version-history":[{"count":0,"href":"https:\/\/diariodominicano.com\/index.php?rest_route=\/wp\/v2\/posts\/92664\/revisions"}],"wp:attachment":[{"href":"https:\/\/diariodominicano.com\/index.php?rest_route=%2Fwp%2Fv2%2Fmedia&parent=92664"}],"wp:term":[{"taxonomy":"category","embeddable":true,"href":"https:\/\/diariodominicano.com\/index.php?rest_route=%2Fwp%2Fv2%2Fcategories&post=92664"},{"taxonomy":"post_tag","embeddable":true,"href":"https:\/\/diariodominicano.com\/index.php?rest_route=%2Fwp%2Fv2%2Ftags&post=92664"}],"curies":[{"name":"wp","href":"https:\/\/api.w.org\/{rel}","templated":true}]}}