{"id":92663,"date":"2008-07-02T21:36:00","date_gmt":"2008-07-02T21:36:00","guid":{"rendered":"http:\/\/diariodominicano.ddns.net\/?p=92663"},"modified":"2008-07-02T21:36:00","modified_gmt":"2008-07-02T21:36:00","slug":"anuncian-espectaculo-bachata-en-dos-tiempos-con-luis-vargas-y-leonardo-paniagua","status":"publish","type":"post","link":"https:\/\/diariodominicano.com\/?p=92663","title":{"rendered":"Anuncian espect\u00e1culo \u201cbachata en dos tiempos\u201d con Luis Vargas y Leonardo Paniagua"},"content":{"rendered":"<p><body><\/p>\n<p align=\"justify\" class=\"titulogrande1\">Anuncian espect\u00e1culo \u201cbachata en dos  tiempos\u201d con Luis Vargas y Leonardo Paniagua<\/p>\n<p>&#13;<\/p>\n<p align=\"justify\" class=\"text1noticias\"><strong>SANTO DOMINGO.- <\/strong>\u201cLa esperada presentaci\u00f3n ser\u00e1 un duelo de bachateros donde el popular Luis  Vargas y el tradicional Leonardo Paniagua se ver\u00e1n frente a frente\u201d.<\/p>\n<p>&#13;<\/p>\n<p align=\"justify\" class=\"text1noticias\"><strong><img loading=\"lazy\" decoding=\"async\" src=\"http:\/\/localhost:8080\/gente\/img\/luis vargas.jpg\" width=\"375\" height=\"383\" hspace=\"4\" align=\"left\" \/>Santo Domingo.- <\/strong>La empresa PG Music anunci\u00f3 el  espect\u00e1culo \u201cBachata en dos tiempos\u201d en el que Luis Vargas quien est\u00e1  promoviendo su nuevo corte promocional \u201cMaldita Loca\u201d y Leonardo Paniagua quien  se ha metido con fuerza en la radio del Cibao con \u201cEl Doctor\u201d se ver\u00e1n frente a  frente en una gira que llevar\u00e1n por todo el pa\u00eds y que inaugurar\u00e1n el pr\u00f3ximo  s\u00e1bado 26 de julio en Rancho Las Colinas de Santiago a partir de las 10 de la  noche.<br \/>&#13;<br \/>\n  \u00a0<br \/>&#13;<br \/>\n Desde ya se ha despertado un gran inter\u00e9s en  Santiago entre los seguidores de \u00e9sos dos grandes del g\u00e9nero debido a que la  presentaci\u00f3n de Luis Vargas junto a Leonardo Paniagua forma parte de un plan  estrat\u00e9gico de ambos bachateros para lograr reposicionarse en el mercado de la  bachata.<\/p>\n<p>&#13;<\/p>\n<p align=\"justify\" class=\"text1noticias\">Luis  Vargas ha pasado a ser representado en el trabajo promocional por la empresa PG  Music que tambi\u00e9n representa a Leonardo Paniagua y al bachatero Michael Stevan  (mejor conocido como Esteban Mariano y quien tambi\u00e9n ha hecho d\u00fao con Paniagua)  logrando establecer records de ventas en el mercado local.<br \/>&#13;<br \/>\n  \u00a0<br \/>&#13;<br \/>\n\u201cEstamos muy contentos con esta iniciativa de  PG Music y esperamos que el p\u00fablico apoye este espect\u00e1culo el cual vamos a  llevar por todo el pa\u00eds para deleite de los que gustan de la buena bachata con  amargue y sentimiento\u201d, expres\u00f3 emocionado Luis Vargas quien est\u00e1 muy contento  con su nuevo tema \u201cMaldita loca\u201d.<br \/>&#13;<br \/>\n<br \/>&#13;<br \/>\n\u201cMaldita loca\u201d es un tema cuyos arreglos  musicales y l\u00edrica son del propio Luis Vargas el cual se destaca por la forma  muy peculiar de interpretar el g\u00e9nero y en el que aporta nuevos colores a la  bachata. Luis Vargas discogr\u00e1ficamente es representado en cambio por el sello  JBN Records de V\u00edctor Reyes mientras que su trabajo promocional est\u00e1 a cargo  del promotor Ignacio Santos de PG Music.<\/p>\n<p>&#13;<\/p>\n<h6> 2008-07-02 21:36:00 <\/h6>\n<p><!--\n<link rel=\"stylesheet\" href=\"css\/bootstrap.min.css\">\n\n\n<ul class=\"pagination\">\n\t    \n\t\n\n<li >\n\t<a href='?page_no=21284'>Previous<\/a>\n\t<\/li>\n\n\n       \n    \n\n<li><a href='?page_no=1'>1<\/a><\/li>\n\n\n\n<li><a href='?page_no=2'>2<\/a><\/li>\n\n\n\n<li><a>...<\/a><\/li>\n\n\n\n<li><a href='?page_no=21283'>21283<\/a><\/li>\n\n\n\n<li><a href='?page_no=21284'>21284<\/a><\/li>\n\n\n\n<li class='active'><a>21285<\/a><\/li>\n\n\n\n<li><a href='?page_no=21286'>21286<\/a><\/li>\n\n\n\n<li><a href='?page_no=21287'>21287<\/a><\/li>\n\n\n\n<li><a>...<\/a><\/li>\n\n\n\n<li><a href='?page_no=22522'>22522<\/a><\/li>\n\n\n\n<li><a href='?page_no=22523'>22523<\/a><\/li>\n\n    \n\t\n\n<li >\n\t<a href='?page_no=21286'>Next<\/a>\n\t<\/li>\n\n\n    \n\n<li><a href='?page_no=22523'>Last &rsaquo;&rsaquo;<\/a><\/li>\n\n<\/ul>\n\n\n--><br \/>\n<\/body><\/p>\n","protected":false},"excerpt":{"rendered":"<p>Anuncian espect\u00e1culo \u201cbachata en dos tiempos\u201d con Luis Vargas y Leonardo Paniagua &#13; SANTO DOMINGO.- \u201cLa esperada presentaci\u00f3n ser\u00e1 un duelo de bachateros donde el popular Luis Vargas y el tradicional Leonardo Paniagua se ver\u00e1n frente a frente\u201d. &#13; Santo Domingo.- La empresa PG Music anunci\u00f3 el espect\u00e1culo \u201cBachata en dos tiempos\u201d en el que [&hellip;]<\/p>\n","protected":false},"author":3,"featured_media":0,"comment_status":"open","ping_status":"open","sticky":false,"template":"","format":"standard","meta":{"footnotes":""},"categories":[25],"tags":[],"class_list":["post-92663","post","type-post","status-publish","format-standard","hentry","category-gente"],"_links":{"self":[{"href":"https:\/\/diariodominicano.com\/index.php?rest_route=\/wp\/v2\/posts\/92663","targetHints":{"allow":["GET"]}}],"collection":[{"href":"https:\/\/diariodominicano.com\/index.php?rest_route=\/wp\/v2\/posts"}],"about":[{"href":"https:\/\/diariodominicano.com\/index.php?rest_route=\/wp\/v2\/types\/post"}],"author":[{"embeddable":true,"href":"https:\/\/diariodominicano.com\/index.php?rest_route=\/wp\/v2\/users\/3"}],"replies":[{"embeddable":true,"href":"https:\/\/diariodominicano.com\/index.php?rest_route=%2Fwp%2Fv2%2Fcomments&post=92663"}],"version-history":[{"count":0,"href":"https:\/\/diariodominicano.com\/index.php?rest_route=\/wp\/v2\/posts\/92663\/revisions"}],"wp:attachment":[{"href":"https:\/\/diariodominicano.com\/index.php?rest_route=%2Fwp%2Fv2%2Fmedia&parent=92663"}],"wp:term":[{"taxonomy":"category","embeddable":true,"href":"https:\/\/diariodominicano.com\/index.php?rest_route=%2Fwp%2Fv2%2Fcategories&post=92663"},{"taxonomy":"post_tag","embeddable":true,"href":"https:\/\/diariodominicano.com\/index.php?rest_route=%2Fwp%2Fv2%2Ftags&post=92663"}],"curies":[{"name":"wp","href":"https:\/\/api.w.org\/{rel}","templated":true}]}}