{"id":92662,"date":"2008-07-02T21:39:10","date_gmt":"2008-07-02T21:39:10","guid":{"rendered":"http:\/\/diariodominicano.ddns.net\/?p=92662"},"modified":"2008-07-02T21:39:10","modified_gmt":"2008-07-02T21:39:10","slug":"designan-a-juan-luis-guerra-artista-unesco-para-la-paz","status":"publish","type":"post","link":"https:\/\/diariodominicano.com\/?p=92662","title":{"rendered":"Designan a Juan Luis Guerra Artista UNESCO para la Paz"},"content":{"rendered":"<p><body><\/p>\n<p class=\"titulogrande1\">Designan  a Juan Luis Guerra Artista UNESCO para la Paz<\/p>\n<p>&#13;<\/p>\n<p align=\"justify\" class=\"text1noticias\"><strong>SANTO DOMINGO.-<\/strong>  La Organizaci\u00f3n  de las Naciones Unidas para la   Educaci\u00f3n, la   Ciencia y la   Cultura (UNESCO), anunci\u00f3 que el cantautor dominicano Juan  Luis Guerra ha sido declarado Artista UNESCO para la Paz, una distinci\u00f3n que se  aplica a figuras del arte mundial que han manifestado preocupaci\u00f3n por  estamentos marginados de la sociedad.<br \/>&#13;<br \/>\n  <br \/>&#13;<br \/>\n  La  designaci\u00f3n fue hecha por el Director General del organismo internacional con  sede en Par\u00eds, el japon\u00e9s Koichiro Matsuura, y comunicada al Secretario de  Estado de Cultura, Jos\u00e9 Rafael Lantigua, quien es adem\u00e1s Presidente de la Comisi\u00f3n Nacional  Dominicana de UNESCO. <br \/>&#13;<br \/>\n  <br \/>&#13;<br \/>\n  Al  hacer el anuncio, el ministro de cultura dominicano dijo que \u00abse trata de  un alto honor para nuestro gran artista y para la Rep\u00fablica Dominicana,  que demuestra la trascendencia de la trayectoria de Juan Luis Guerra como  personalidad indiscutible de la cultura dominicana\u00bb.<br \/>&#13;<br \/>\n  <br \/>&#13;<br \/>\n  Lantigua  inform\u00f3 adem\u00e1s que la designaci\u00f3n de Guerra tiene un per\u00edodo inicial de dos  a\u00f1os, y que con la misma \u00abel artista dominicano de mayor proyecci\u00f3n  internacional podr\u00e1 dar su apoyo a fin de que el mensaje de la UNESCO sea ampliamente  difundido entre su p\u00fablico\u00bb.<br \/>&#13;<br \/>\n  <br \/>&#13;<br \/>\n  En  la comunicaci\u00f3n que Matsuura dirigiera a Guerra, le se\u00f1ala que con esta  designaci\u00f3n \u00abest\u00e1 invitado a unirse a otras personalidades que comparten  sus mismos ideales, al igual que su pasi\u00f3n por la cultura tradicional y la  creaci\u00f3n contempor\u00e1nea\u00bb.<br \/>&#13;<br \/>\n  <br \/>&#13;<br \/>\n  A\u00f1ade  el director general de UNESCO, que con la misma \u00abpodr\u00e1 emprender numerosas  acciones ben\u00e9volas a favor de los ni\u00f1os de Am\u00e9rica Latina y el Caribe y de todo  el mundo, al tiempo que continuar\u00e1 promoviendo la m\u00fasica tradicional de la Rep\u00fablica Dominicana\u00bb. <br \/>&#13;<br \/>\n  <br \/>&#13;<br \/>\n  Al  comunicar la noticia, Lantigua se\u00f1al\u00f3 que la ceremonia formal de designaci\u00f3n  tendr\u00e1 lugar en Par\u00eds, en la sede de UNESCO, en una fecha pr\u00f3xima que deber\u00e1  concertarse directamente con el artista, conforme sus compromisos.<br \/>&#13;<br \/>\n  <br \/>&#13;<br \/>\n  Lantigua  elogi\u00f3 los esfuerzos desplegados por la embajadora dominicana ante UNESCO, la  soci\u00f3loga Laura Faxas, para que se aprobase esta designaci\u00f3n que es codiciada  por numerosas figuras del arte y la cultura en todo el mundo.<br \/>&#13;<br \/>\n  <br \/>&#13;<br \/>\n  Es  la primera vez que una personalidad del arte dominicano es designada Artista  UNESCO para la Paz,  considerada una de las distinciones m\u00e1s altas que concede el reputado organismo  internacional.<br \/>&#13;<br \/>\n  <br \/>&#13;<br \/>\n  UNESCO  ha declarado antes Patrimonios Orales Intangibles de la Humanidad a la Cofrad\u00eda del Esp\u00edritu  Santo, los Congos, de Villa Mella, y hace dos a\u00f1os al Teatro Danzante Cocolo,  los Guloyas, de San Pedro de Macor\u00eds. Estos \u00faltimos han sido invitados por  UNESCO para presentarse en la sede del organismo en Par\u00eds en septiembre  pr\u00f3ximo, por lo que se cree que podr\u00eda ser una fecha propicia para la ceremonia  de designaci\u00f3n de Juan Luis Guerra. <br \/>&#13;<br \/>\n  <br \/>&#13;<br \/>\nUNESCO  estudia actualmente declarar Patrimonio de la Humanidad la denominada  Ruta de los Ingenios, que rememora el per\u00edodo de la esclavitud, al tiempo que  eval\u00faa otras solicitudes en este orden para Rep\u00fablica Dominicana.<\/p>\n<p>&#13;<\/p>\n<h6> 2008-07-02 21:39:10 <\/h6>\n<p><!--\n<link rel=\"stylesheet\" href=\"css\/bootstrap.min.css\">\n\n\n<ul class=\"pagination\">\n\t    \n\t\n\n<li >\n\t<a href='?page_no=21283'>Previous<\/a>\n\t<\/li>\n\n\n       \n    \n\n<li><a href='?page_no=1'>1<\/a><\/li>\n\n\n\n<li><a href='?page_no=2'>2<\/a><\/li>\n\n\n\n<li><a>...<\/a><\/li>\n\n\n\n<li><a href='?page_no=21282'>21282<\/a><\/li>\n\n\n\n<li><a href='?page_no=21283'>21283<\/a><\/li>\n\n\n\n<li class='active'><a>21284<\/a><\/li>\n\n\n\n<li><a href='?page_no=21285'>21285<\/a><\/li>\n\n\n\n<li><a href='?page_no=21286'>21286<\/a><\/li>\n\n\n\n<li><a>...<\/a><\/li>\n\n\n\n<li><a href='?page_no=22522'>22522<\/a><\/li>\n\n\n\n<li><a href='?page_no=22523'>22523<\/a><\/li>\n\n    \n\t\n\n<li >\n\t<a href='?page_no=21285'>Next<\/a>\n\t<\/li>\n\n\n    \n\n<li><a href='?page_no=22523'>Last &rsaquo;&rsaquo;<\/a><\/li>\n\n<\/ul>\n\n\n--><br \/>\n<\/body><\/p>\n","protected":false},"excerpt":{"rendered":"<p>Designan a Juan Luis Guerra Artista UNESCO para la Paz &#13; SANTO DOMINGO.- La Organizaci\u00f3n de las Naciones Unidas para la Educaci\u00f3n, la Ciencia y la Cultura (UNESCO), anunci\u00f3 que el cantautor dominicano Juan Luis Guerra ha sido declarado Artista UNESCO para la Paz, una distinci\u00f3n que se aplica a figuras del arte mundial que [&hellip;]<\/p>\n","protected":false},"author":3,"featured_media":0,"comment_status":"open","ping_status":"open","sticky":false,"template":"","format":"standard","meta":{"footnotes":""},"categories":[25],"tags":[],"class_list":["post-92662","post","type-post","status-publish","format-standard","hentry","category-gente"],"_links":{"self":[{"href":"https:\/\/diariodominicano.com\/index.php?rest_route=\/wp\/v2\/posts\/92662","targetHints":{"allow":["GET"]}}],"collection":[{"href":"https:\/\/diariodominicano.com\/index.php?rest_route=\/wp\/v2\/posts"}],"about":[{"href":"https:\/\/diariodominicano.com\/index.php?rest_route=\/wp\/v2\/types\/post"}],"author":[{"embeddable":true,"href":"https:\/\/diariodominicano.com\/index.php?rest_route=\/wp\/v2\/users\/3"}],"replies":[{"embeddable":true,"href":"https:\/\/diariodominicano.com\/index.php?rest_route=%2Fwp%2Fv2%2Fcomments&post=92662"}],"version-history":[{"count":0,"href":"https:\/\/diariodominicano.com\/index.php?rest_route=\/wp\/v2\/posts\/92662\/revisions"}],"wp:attachment":[{"href":"https:\/\/diariodominicano.com\/index.php?rest_route=%2Fwp%2Fv2%2Fmedia&parent=92662"}],"wp:term":[{"taxonomy":"category","embeddable":true,"href":"https:\/\/diariodominicano.com\/index.php?rest_route=%2Fwp%2Fv2%2Fcategories&post=92662"},{"taxonomy":"post_tag","embeddable":true,"href":"https:\/\/diariodominicano.com\/index.php?rest_route=%2Fwp%2Fv2%2Ftags&post=92662"}],"curies":[{"name":"wp","href":"https:\/\/api.w.org\/{rel}","templated":true}]}}