{"id":92658,"date":"2008-07-03T20:29:31","date_gmt":"2008-07-03T20:29:31","guid":{"rendered":"http:\/\/diariodominicano.ddns.net\/?p=92658"},"modified":"2008-07-03T20:29:31","modified_gmt":"2008-07-03T20:29:31","slug":"un-escalofriante-hitler-de-cera-llega-a-berlin","status":"publish","type":"post","link":"https:\/\/diariodominicano.com\/?p=92658","title":{"rendered":"Un escalofriante Hitler de cera llega a Berl\u00edn"},"content":{"rendered":"<p><body><\/p>\n<p align=\"justify\"><strong class=\"titulogrande1\">Un escalofriante Hitler de cera llega a Berl\u00edn<\/strong><br \/>&#13;<br \/>\n    <span class=\"text1noticias\"><br \/>&#13;<br \/>\n  El nuevo museo Madame Tussaud&#8217;s muestra las primeras im\u00e1genes de la figura  del dictador <br \/>&#13;<br \/>\n  <br \/>&#13;<br \/>\n  <strong>EFE<\/strong> &#8211; Berl\u00edn &#8211; 03\/07\/2008 <\/span><\/p>\n<p>&#13;<\/p>\n<p align=\"justify\" class=\"text1noticias\"><img loading=\"lazy\" decoding=\"async\" src=\"http:\/\/localhost:8080\/gente\/img\/hitler cera.jpg\" width=\"375\" height=\"276\" hspace=\"4\" align=\"left\" \/>El museo de cera Madame Tussaud&#8217;s  de Berl\u00edn, que ser\u00e1 inaugurado el s\u00e1bado, ha mostrado por primera vez la  pol\u00e9mica figura de Hitler, que expondr\u00e1 en una de las salas del museo, que  contar\u00e1 con 2.500 metros cuadrados de superficie. La octava sucursal del famoso  museo de cera en el mundo se ha enfrentado a numerosas cr\u00edticas de los alemanes  por la inclusi\u00f3n de una representaci\u00f3n del dictador, que encarna la historia  m\u00e1s negra de Alemania.<br \/>&#13;<br \/>\n  <br \/>&#13;<br \/>\n  La figura representa al dictador  en su bunker, con una iluminaci\u00f3n oscura y est\u00e1 rodeado de paneles con  informaci\u00f3n sobre su figura. La estatua se encuentra en la misma estancia que  la del ex primer ministro brit\u00e1nico Winston Churchill.<\/p>\n<p>&#13;<\/p>\n<h6> 2008-07-03 20:29:31 <\/h6>\n<p><!--\n<link rel=\"stylesheet\" href=\"css\/bootstrap.min.css\">\n\n\n<ul class=\"pagination\">\n\t    \n\t\n\n<li >\n\t<a href='?page_no=21279'>Previous<\/a>\n\t<\/li>\n\n\n       \n    \n\n<li><a href='?page_no=1'>1<\/a><\/li>\n\n\n\n<li><a href='?page_no=2'>2<\/a><\/li>\n\n\n\n<li><a>...<\/a><\/li>\n\n\n\n<li><a href='?page_no=21278'>21278<\/a><\/li>\n\n\n\n<li><a href='?page_no=21279'>21279<\/a><\/li>\n\n\n\n<li class='active'><a>21280<\/a><\/li>\n\n\n\n<li><a href='?page_no=21281'>21281<\/a><\/li>\n\n\n\n<li><a href='?page_no=21282'>21282<\/a><\/li>\n\n\n\n<li><a>...<\/a><\/li>\n\n\n\n<li><a href='?page_no=22522'>22522<\/a><\/li>\n\n\n\n<li><a href='?page_no=22523'>22523<\/a><\/li>\n\n    \n\t\n\n<li >\n\t<a href='?page_no=21281'>Next<\/a>\n\t<\/li>\n\n\n    \n\n<li><a href='?page_no=22523'>Last &rsaquo;&rsaquo;<\/a><\/li>\n\n<\/ul>\n\n\n--><br \/>\n<\/body><\/p>\n","protected":false},"excerpt":{"rendered":"<p>Un escalofriante Hitler de cera llega a Berl\u00edn&#13; &#13; El nuevo museo Madame Tussaud&#8217;s muestra las primeras im\u00e1genes de la figura del dictador &#13; &#13; EFE &#8211; Berl\u00edn &#8211; 03\/07\/2008 &#13; El museo de cera Madame Tussaud&#8217;s de Berl\u00edn, que ser\u00e1 inaugurado el s\u00e1bado, ha mostrado por primera vez la pol\u00e9mica figura de Hitler, que [&hellip;]<\/p>\n","protected":false},"author":3,"featured_media":0,"comment_status":"open","ping_status":"open","sticky":false,"template":"","format":"standard","meta":{"footnotes":""},"categories":[25],"tags":[],"class_list":["post-92658","post","type-post","status-publish","format-standard","hentry","category-gente"],"_links":{"self":[{"href":"https:\/\/diariodominicano.com\/index.php?rest_route=\/wp\/v2\/posts\/92658","targetHints":{"allow":["GET"]}}],"collection":[{"href":"https:\/\/diariodominicano.com\/index.php?rest_route=\/wp\/v2\/posts"}],"about":[{"href":"https:\/\/diariodominicano.com\/index.php?rest_route=\/wp\/v2\/types\/post"}],"author":[{"embeddable":true,"href":"https:\/\/diariodominicano.com\/index.php?rest_route=\/wp\/v2\/users\/3"}],"replies":[{"embeddable":true,"href":"https:\/\/diariodominicano.com\/index.php?rest_route=%2Fwp%2Fv2%2Fcomments&post=92658"}],"version-history":[{"count":0,"href":"https:\/\/diariodominicano.com\/index.php?rest_route=\/wp\/v2\/posts\/92658\/revisions"}],"wp:attachment":[{"href":"https:\/\/diariodominicano.com\/index.php?rest_route=%2Fwp%2Fv2%2Fmedia&parent=92658"}],"wp:term":[{"taxonomy":"category","embeddable":true,"href":"https:\/\/diariodominicano.com\/index.php?rest_route=%2Fwp%2Fv2%2Fcategories&post=92658"},{"taxonomy":"post_tag","embeddable":true,"href":"https:\/\/diariodominicano.com\/index.php?rest_route=%2Fwp%2Fv2%2Ftags&post=92658"}],"curies":[{"name":"wp","href":"https:\/\/api.w.org\/{rel}","templated":true}]}}