{"id":92657,"date":"2008-07-03T20:35:06","date_gmt":"2008-07-03T20:35:06","guid":{"rendered":"http:\/\/diariodominicano.ddns.net\/?p=92657"},"modified":"2008-07-03T20:35:06","modified_gmt":"2008-07-03T20:35:06","slug":"los-beckham-ya-tienen-su-propio-musical","status":"publish","type":"post","link":"https:\/\/diariodominicano.com\/?p=92657","title":{"rendered":"Los Beckham ya tienen su propio musical"},"content":{"rendered":"<p><body><\/p>\n<p align=\"justify\"><strong class=\"titulogrande1\">Los Beckham ya tienen su propio musical<\/strong><br \/>&#13;<br \/>\n  <br \/>&#13;<br \/>\n    <span class=\"text1noticias\">La comedia sat\u00edrica &#8216;MacBecks&#8217; se estrenar\u00e1 en Dubl\u00edn el pr\u00f3ximo enero <br \/>&#13;<br \/>\n    <br \/>&#13;<br \/>\n    <strong>AGENCIAS<\/strong> &#8211; Madrid &#8211; 03\/07\/2008 <\/span><\/p>\n<p>&#13;<\/p>\n<p align=\"justify\" class=\"text1noticias\"><img loading=\"lazy\" decoding=\"async\" src=\"http:\/\/localhost:8080\/gente\/img\/becam musical.jpg\" width=\"375\" height=\"510\" hspace=\"4\" align=\"left\" \/>La vida del futbolista David  Beckham y su mujer, Victoria, tiene miga suficiente como para escribir un  musical. Al menos, as\u00ed lo piensa la productora Long Road Productions, que est\u00e1  montando una comedia sat\u00edrica basada en las vivencias de la famosa pareja.  <br \/>&#13;<br \/>\n  <br \/>&#13;<br \/>\n  Titulada <em>MacBecks<\/em>, la obra est\u00e1 inspirada en varias obras de  Shakespeare. Aunque la compa\u00f1\u00eda no ha ofrecido muchos detalles sobre la trama,  se especula con que el personaje de Victoria podr\u00eda ser perfilado como una  moderna Lady Macbeth, una ambiciosa e implacable mujer que encandila a David  Beckham para que sacrifique su carrera por ella. La obra se estrenar\u00e1 en enero  en el teatro Olympia de Dubl\u00edn.<br \/>&#13;<br \/>\n  <br \/>&#13;<br \/>\n  El director de la compa\u00f1\u00eda, Ronan  Smith, ha dicho: \u00abEstamos muy emocionados con el gui\u00f3n. Es un salvaje  revoltijo de cosas, inspirado en textos de Shakespeare como <em>Macbeth<\/em>, <em>El  rey Lear<\/em>, <em>Romeo y Julieta<\/em>, e incluso en <em>Cyrano de Bergerac<\/em>.  Pero sobre todo, ser\u00e1 un musical basado en la vida del futbolista m\u00e1s famoso  del mundo\u00bb.<br \/>&#13;<br \/>\n  <br \/>&#13;<br \/>\n  En la obra tambi\u00e9n aparecer\u00e1n los  entrenadores de Inglaterra, Sven Goran Eriksson; del Manchester United, Sir  Alex Ferguson; y la mujer con la que Beckham tuvo una supuesta aventura,  Rebecca Loos.<\/p>\n<p>&#13;<\/p>\n<h6> 2008-07-03 20:35:06 <\/h6>\n<p><!--\n<link rel=\"stylesheet\" href=\"css\/bootstrap.min.css\">\n\n\n<ul class=\"pagination\">\n\t    \n\t\n\n<li >\n\t<a href='?page_no=21278'>Previous<\/a>\n\t<\/li>\n\n\n       \n    \n\n<li><a href='?page_no=1'>1<\/a><\/li>\n\n\n\n<li><a href='?page_no=2'>2<\/a><\/li>\n\n\n\n<li><a>...<\/a><\/li>\n\n\n\n<li><a href='?page_no=21277'>21277<\/a><\/li>\n\n\n\n<li><a href='?page_no=21278'>21278<\/a><\/li>\n\n\n\n<li class='active'><a>21279<\/a><\/li>\n\n\n\n<li><a href='?page_no=21280'>21280<\/a><\/li>\n\n\n\n<li><a href='?page_no=21281'>21281<\/a><\/li>\n\n\n\n<li><a>...<\/a><\/li>\n\n\n\n<li><a href='?page_no=22522'>22522<\/a><\/li>\n\n\n\n<li><a href='?page_no=22523'>22523<\/a><\/li>\n\n    \n\t\n\n<li >\n\t<a href='?page_no=21280'>Next<\/a>\n\t<\/li>\n\n\n    \n\n<li><a href='?page_no=22523'>Last &rsaquo;&rsaquo;<\/a><\/li>\n\n<\/ul>\n\n\n--><br \/>\n<\/body><\/p>\n","protected":false},"excerpt":{"rendered":"<p>Los Beckham ya tienen su propio musical&#13; &#13; La comedia sat\u00edrica &#8216;MacBecks&#8217; se estrenar\u00e1 en Dubl\u00edn el pr\u00f3ximo enero &#13; &#13; AGENCIAS &#8211; Madrid &#8211; 03\/07\/2008 &#13; La vida del futbolista David Beckham y su mujer, Victoria, tiene miga suficiente como para escribir un musical. Al menos, as\u00ed lo piensa la productora Long Road Productions, [&hellip;]<\/p>\n","protected":false},"author":3,"featured_media":0,"comment_status":"open","ping_status":"open","sticky":false,"template":"","format":"standard","meta":{"footnotes":""},"categories":[25],"tags":[],"class_list":["post-92657","post","type-post","status-publish","format-standard","hentry","category-gente"],"_links":{"self":[{"href":"https:\/\/diariodominicano.com\/index.php?rest_route=\/wp\/v2\/posts\/92657","targetHints":{"allow":["GET"]}}],"collection":[{"href":"https:\/\/diariodominicano.com\/index.php?rest_route=\/wp\/v2\/posts"}],"about":[{"href":"https:\/\/diariodominicano.com\/index.php?rest_route=\/wp\/v2\/types\/post"}],"author":[{"embeddable":true,"href":"https:\/\/diariodominicano.com\/index.php?rest_route=\/wp\/v2\/users\/3"}],"replies":[{"embeddable":true,"href":"https:\/\/diariodominicano.com\/index.php?rest_route=%2Fwp%2Fv2%2Fcomments&post=92657"}],"version-history":[{"count":0,"href":"https:\/\/diariodominicano.com\/index.php?rest_route=\/wp\/v2\/posts\/92657\/revisions"}],"wp:attachment":[{"href":"https:\/\/diariodominicano.com\/index.php?rest_route=%2Fwp%2Fv2%2Fmedia&parent=92657"}],"wp:term":[{"taxonomy":"category","embeddable":true,"href":"https:\/\/diariodominicano.com\/index.php?rest_route=%2Fwp%2Fv2%2Fcategories&post=92657"},{"taxonomy":"post_tag","embeddable":true,"href":"https:\/\/diariodominicano.com\/index.php?rest_route=%2Fwp%2Fv2%2Ftags&post=92657"}],"curies":[{"name":"wp","href":"https:\/\/api.w.org\/{rel}","templated":true}]}}