{"id":92655,"date":"2008-07-03T22:51:57","date_gmt":"2008-07-03T22:51:57","guid":{"rendered":"http:\/\/diariodominicano.ddns.net\/?p=92655"},"modified":"2008-07-03T22:51:57","modified_gmt":"2008-07-03T22:51:57","slug":"raul-del-sol-estrena-el-mensaje","status":"publish","type":"post","link":"https:\/\/diariodominicano.com\/?p=92655","title":{"rendered":"Ra\u00fal del Sol estrena \u201cEl Mensaje\u201d"},"content":{"rendered":"<p><body><\/p>\n<p align=\"justify\"><span class=\"titulogrande1\">Ra\u00fal  del Sol estrena \u201cEl Mensaje\u201d<\/span><br \/>&#13;<br \/>\n    <br \/>&#13;<br \/>\n      <span class=\"text1noticias\"><strong><img loading=\"lazy\" decoding=\"async\" src=\"http:\/\/localhost:8080\/gente\/img\/raul sol.jpg\" width=\"375\" height=\"558\" hspace=\"4\" align=\"left\" \/>Miami, FL.- <\/strong>Ra\u00fal del Sol hizo  historia en Panam\u00e1 con un hecho in\u00e9dito. El pasado 24 de junio, 12 estaciones  del pa\u00eds centroamericano estrenaron a la misma hora su nuevo sencillo \u201cEl  Mensaje\u201d, lo que lo coloc\u00f3 de inmediato en los primeros lugares de popularidad.  Al d\u00eda siguiente, present\u00f3 su nuevo trabajo a la prensa de Puerto Rico,  mientras que en Estados Unidos se estrenaba su nuevo v\u00eddeo del tema \u201cSin amor\u201d  en Univisi\u00f3n.<br \/>&#13;<br \/>\n  \u00a0<br \/>&#13;<br \/>\n\u201cCantautor Del Sol sigue  brillando\u201d titul\u00f3 El Peri\u00f3dico de Panam\u00e1 en referencia a su disco \u201cCaminar  so\u00f1ando\u201d. La prensa nacional tuvo al cantautor cubano en los t\u00edtulos m\u00e1s  importantes del d\u00eda: \u201cRa\u00fal del Sol pone voz y rostro a sus propias canciones\u201d  dijo La Estrella,  mientras que El Siglo titul\u00f3 \u201cRa\u00fal del Sol da a conocer El Mensaje\u201d.<br \/>&#13;<br \/>\n  \u00a0<br \/>&#13;<br \/>\n  \u201cEl Mensaje\u201d es una composici\u00f3n de Ra\u00fal del  Sol en conjunto con Jorge Luis Piloto, uno de los colaboradores de este disco  que tambi\u00e9n cuenta con la participaci\u00f3n de Amaury Guti\u00e9rrez en \u201cH\u00e1blame de  amor\u201d y Luis Enrique en \u201cSin amor\u201d. Este \u00faltimo es el primer sencillo del \u00e1lbum  cuyo v\u00eddeo se estren\u00f3 el pasado 25 de junio en el programa \u201cPrimer Impacto\u201d de  Univisi\u00f3n, el mismo d\u00eda que el artista se encontraba de gira en Puerto Rico.<br \/>&#13;<br \/>\n  \u00a0<br \/>&#13;<br \/>\nLa prensa de la Isla del Encanto pudo  compartir con \u00e9l un encuentro exclusivo en \u201cMozart\u201d, de Guaynabo, continuando  una relaci\u00f3n que el artista hab\u00eda iniciado con este pa\u00eds hace a\u00f1os, al ser  parte de la carrera de artistas boricuas como Jos\u00e9 Feliciano, Ricky Martin,  Tito Nieves y Cheka.<br \/>&#13;<br \/>\n  \u00a0<br \/>&#13;<br \/>\n  <br \/>&#13;<br \/>\n  Esta semana, Ra\u00fal del Sol  contin\u00faa con sus presentaciones en vivo y lo har\u00e1 este viernes 4 de julio, en  el \u201cMusic Fest 2008\u201d,  un concierto auspiciado por el \u201cAmerican Children&#8217;s Orchestras for Peace\u201d y  \u201cThe Children&#8217;s Trust\u201d, y se llevar\u00e1 a cabo en el parque Jos\u00e9 Mart\u00ed, localizado  en La Peque\u00f1a Habana,  en la ciudad de Miami.<br \/>&#13;<br \/>\n  \u00a0<br \/>&#13;<br \/>\nSu disco, editado bajo el  sello de Alumbra Record, ya est\u00e1 a la venta en todas las tiendas de discos y a  trav\u00e9s de Internet en p\u00e1ginas como iTunes y CD Baby, entre otras.<\/span><\/p>\n<p>&#13;<\/p>\n<h6> 2008-07-03 22:51:57 <\/h6>\n<p><!--\n<link rel=\"stylesheet\" href=\"css\/bootstrap.min.css\">\n\n\n<ul class=\"pagination\">\n\t    \n\t\n\n<li >\n\t<a href='?page_no=21276'>Previous<\/a>\n\t<\/li>\n\n\n       \n    \n\n<li><a href='?page_no=1'>1<\/a><\/li>\n\n\n\n<li><a href='?page_no=2'>2<\/a><\/li>\n\n\n\n<li><a>...<\/a><\/li>\n\n\n\n<li><a href='?page_no=21275'>21275<\/a><\/li>\n\n\n\n<li><a href='?page_no=21276'>21276<\/a><\/li>\n\n\n\n<li class='active'><a>21277<\/a><\/li>\n\n\n\n<li><a href='?page_no=21278'>21278<\/a><\/li>\n\n\n\n<li><a href='?page_no=21279'>21279<\/a><\/li>\n\n\n\n<li><a>...<\/a><\/li>\n\n\n\n<li><a href='?page_no=22522'>22522<\/a><\/li>\n\n\n\n<li><a href='?page_no=22523'>22523<\/a><\/li>\n\n    \n\t\n\n<li >\n\t<a href='?page_no=21278'>Next<\/a>\n\t<\/li>\n\n\n    \n\n<li><a href='?page_no=22523'>Last &rsaquo;&rsaquo;<\/a><\/li>\n\n<\/ul>\n\n\n--><br \/>\n<\/body><\/p>\n","protected":false},"excerpt":{"rendered":"<p>Ra\u00fal del Sol estrena \u201cEl Mensaje\u201d&#13; &#13; Miami, FL.- Ra\u00fal del Sol hizo historia en Panam\u00e1 con un hecho in\u00e9dito. El pasado 24 de junio, 12 estaciones del pa\u00eds centroamericano estrenaron a la misma hora su nuevo sencillo \u201cEl Mensaje\u201d, lo que lo coloc\u00f3 de inmediato en los primeros lugares de popularidad. Al d\u00eda siguiente, [&hellip;]<\/p>\n","protected":false},"author":3,"featured_media":0,"comment_status":"open","ping_status":"open","sticky":false,"template":"","format":"standard","meta":{"footnotes":""},"categories":[25],"tags":[],"class_list":["post-92655","post","type-post","status-publish","format-standard","hentry","category-gente"],"_links":{"self":[{"href":"https:\/\/diariodominicano.com\/index.php?rest_route=\/wp\/v2\/posts\/92655","targetHints":{"allow":["GET"]}}],"collection":[{"href":"https:\/\/diariodominicano.com\/index.php?rest_route=\/wp\/v2\/posts"}],"about":[{"href":"https:\/\/diariodominicano.com\/index.php?rest_route=\/wp\/v2\/types\/post"}],"author":[{"embeddable":true,"href":"https:\/\/diariodominicano.com\/index.php?rest_route=\/wp\/v2\/users\/3"}],"replies":[{"embeddable":true,"href":"https:\/\/diariodominicano.com\/index.php?rest_route=%2Fwp%2Fv2%2Fcomments&post=92655"}],"version-history":[{"count":0,"href":"https:\/\/diariodominicano.com\/index.php?rest_route=\/wp\/v2\/posts\/92655\/revisions"}],"wp:attachment":[{"href":"https:\/\/diariodominicano.com\/index.php?rest_route=%2Fwp%2Fv2%2Fmedia&parent=92655"}],"wp:term":[{"taxonomy":"category","embeddable":true,"href":"https:\/\/diariodominicano.com\/index.php?rest_route=%2Fwp%2Fv2%2Fcategories&post=92655"},{"taxonomy":"post_tag","embeddable":true,"href":"https:\/\/diariodominicano.com\/index.php?rest_route=%2Fwp%2Fv2%2Ftags&post=92655"}],"curies":[{"name":"wp","href":"https:\/\/api.w.org\/{rel}","templated":true}]}}