{"id":92653,"date":"2008-07-03T23:01:00","date_gmt":"2008-07-03T23:01:00","guid":{"rendered":"http:\/\/diariodominicano.ddns.net\/?p=92653"},"modified":"2008-07-03T23:01:00","modified_gmt":"2008-07-03T23:01:00","slug":"adalgisa-pantaleon-promueve-nuevo-tema","status":"publish","type":"post","link":"https:\/\/diariodominicano.com\/?p=92653","title":{"rendered":"Adalgisa Pantale\u00f3n promueve nuevo tema"},"content":{"rendered":"<p><body><\/p>\n<p class=\"titulogrande1\"><strong>Adalgisa Pantale\u00f3n promueve nuevo tema<\/strong><\/p>\n<p>&#13;<\/p>\n<p align=\"justify\" class=\"text1noticias\"><strong><img loading=\"lazy\" decoding=\"async\" src=\"http:\/\/localhost:8080\/gente\/img\/adalgisa.jpg\" width=\"375\" height=\"858\" hspace=\"4\" align=\"left\" \/>SANTO DOMINGO.-<\/strong> \u201cA mis  40\u201d es el  nuevo tema que promueve la veterana artista dominicana Adalgisa Pantale\u00f3n en la  radio nacional. <\/p>\n<p>&#13;<\/p>\n<p align=\"justify\" class=\"text1noticias\">Luego de una fuerte  jornada de trabajo y diversas giras al exterior del pa\u00eds junto a 440, la  cantante decide retomar la promoci\u00f3n de su disco: \u201cAdalgisa al son del sol\u201d,  misma que inicio hace tres a\u00f1os e interrumpi\u00f3 debido a los m\u00faltiples  compromisos internacionales de la agrupaci\u00f3n.<\/p>\n<p>&#13;<\/p>\n<p align=\"justify\" class=\"text1noticias\">Para Adalgisa ha sido  dif\u00edcil mantener una carrera art\u00edstica paralela a 440 y aunque pretende lanzar  un nuevo disco como solista este a\u00f1o, la cantante aclar\u00f3 que no piensa dejar la  agrupaci\u00f3n para hacer carrera aparte, por el contrario expres\u00f3 sentirse  privilegiada de formar parte de esta gran familia.<\/p>\n<p>&#13;<\/p>\n<p align=\"justify\" class=\"text1noticias\">\u201c440 es para mi una  gran familia, donde he podido realizar sue\u00f1os que cre\u00eda inalcanzables, pienso  que nada podr\u00eda romper el fuerte vinculo afectivo que nos une\u201d.<\/p>\n<p>&#13;<\/p>\n<p align=\"justify\" class=\"text1noticias\">El  tema \u201cA mis 40\u201d  es letra y m\u00fasica de Alicia Baron\u00ed y forma parte de la producci\u00f3n \u201cAdalgisa al  son del sol\u201d\u00a0 que cuenta con 10 temas,  donde la artista logr\u00f3 reunir un elenco de primera entre quienes destacan: Juan  Lu\u00eds Guerra, Jorge Taveras, Jos\u00e9 Antonio Rodr\u00edguez, Frank Ceara, Chich\u00ed  Peralta, entre otros.<\/p>\n<p>&#13;<\/p>\n<h6> 2008-07-03 23:01:00 <\/h6>\n<p><!--\n<link rel=\"stylesheet\" href=\"css\/bootstrap.min.css\">\n\n\n<ul class=\"pagination\">\n\t    \n\t\n\n<li >\n\t<a href='?page_no=21274'>Previous<\/a>\n\t<\/li>\n\n\n       \n    \n\n<li><a href='?page_no=1'>1<\/a><\/li>\n\n\n\n<li><a href='?page_no=2'>2<\/a><\/li>\n\n\n\n<li><a>...<\/a><\/li>\n\n\n\n<li><a href='?page_no=21273'>21273<\/a><\/li>\n\n\n\n<li><a href='?page_no=21274'>21274<\/a><\/li>\n\n\n\n<li class='active'><a>21275<\/a><\/li>\n\n\n\n<li><a href='?page_no=21276'>21276<\/a><\/li>\n\n\n\n<li><a href='?page_no=21277'>21277<\/a><\/li>\n\n\n\n<li><a>...<\/a><\/li>\n\n\n\n<li><a href='?page_no=22522'>22522<\/a><\/li>\n\n\n\n<li><a href='?page_no=22523'>22523<\/a><\/li>\n\n    \n\t\n\n<li >\n\t<a href='?page_no=21276'>Next<\/a>\n\t<\/li>\n\n\n    \n\n<li><a href='?page_no=22523'>Last &rsaquo;&rsaquo;<\/a><\/li>\n\n<\/ul>\n\n\n--><br \/>\n<\/body><\/p>\n","protected":false},"excerpt":{"rendered":"<p>Adalgisa Pantale\u00f3n promueve nuevo tema &#13; SANTO DOMINGO.- \u201cA mis 40\u201d es el nuevo tema que promueve la veterana artista dominicana Adalgisa Pantale\u00f3n en la radio nacional. &#13; Luego de una fuerte jornada de trabajo y diversas giras al exterior del pa\u00eds junto a 440, la cantante decide retomar la promoci\u00f3n de su disco: \u201cAdalgisa [&hellip;]<\/p>\n","protected":false},"author":3,"featured_media":0,"comment_status":"open","ping_status":"open","sticky":false,"template":"","format":"standard","meta":{"footnotes":""},"categories":[25],"tags":[],"class_list":["post-92653","post","type-post","status-publish","format-standard","hentry","category-gente"],"_links":{"self":[{"href":"https:\/\/diariodominicano.com\/index.php?rest_route=\/wp\/v2\/posts\/92653","targetHints":{"allow":["GET"]}}],"collection":[{"href":"https:\/\/diariodominicano.com\/index.php?rest_route=\/wp\/v2\/posts"}],"about":[{"href":"https:\/\/diariodominicano.com\/index.php?rest_route=\/wp\/v2\/types\/post"}],"author":[{"embeddable":true,"href":"https:\/\/diariodominicano.com\/index.php?rest_route=\/wp\/v2\/users\/3"}],"replies":[{"embeddable":true,"href":"https:\/\/diariodominicano.com\/index.php?rest_route=%2Fwp%2Fv2%2Fcomments&post=92653"}],"version-history":[{"count":0,"href":"https:\/\/diariodominicano.com\/index.php?rest_route=\/wp\/v2\/posts\/92653\/revisions"}],"wp:attachment":[{"href":"https:\/\/diariodominicano.com\/index.php?rest_route=%2Fwp%2Fv2%2Fmedia&parent=92653"}],"wp:term":[{"taxonomy":"category","embeddable":true,"href":"https:\/\/diariodominicano.com\/index.php?rest_route=%2Fwp%2Fv2%2Fcategories&post=92653"},{"taxonomy":"post_tag","embeddable":true,"href":"https:\/\/diariodominicano.com\/index.php?rest_route=%2Fwp%2Fv2%2Ftags&post=92653"}],"curies":[{"name":"wp","href":"https:\/\/api.w.org\/{rel}","templated":true}]}}