{"id":92652,"date":"2008-07-03T23:04:04","date_gmt":"2008-07-03T23:04:04","guid":{"rendered":"http:\/\/diariodominicano.ddns.net\/?p=92652"},"modified":"2008-07-03T23:04:04","modified_gmt":"2008-07-03T23:04:04","slug":"la-oreja-de-van-gogh-y-amaia-preparan-su-ultimo-album","status":"publish","type":"post","link":"https:\/\/diariodominicano.com\/?p=92652","title":{"rendered":"La Oreja de Van Gogh y Amaia preparan su \u00faltimo \u00e1lbum"},"content":{"rendered":"<p><body><\/p>\n<p class=\"titulogrande1\">La Oreja de Van Gogh y  Amaia preparan su \u00faltimo \u00e1bum<\/p>\n<p>&#13;<\/p>\n<p align=\"justify\" class=\"text1noticias\"><strong>Miami, FL.- <\/strong>La Oreja de Van Gogh se  encuentra actualmente preparando su nuevo \u00e1lbum que se publicar\u00e1 a principios  de septiembre de 2008, mientras se mantiene la inc\u00f3gnita de qui\u00e9n ser\u00e1 la nueva  cantante de la banda donostiarra. Este secreto se desvelar\u00e1 el pr\u00f3ximo 15 de  julio en una conferencia de prensa que se anunciar\u00e1 m\u00e1s adelante.<\/p>\n<p>&#13;<\/p>\n<p align=\"justify\" class=\"text1noticias\">Por otra parte, Amaia Montero tambi\u00e9n est\u00e1  inmersa en la grabaci\u00f3n de su primer disco en solitario. El \u00e1lbum de Amaia se  editar\u00e1 durante el mes de Noviembre de 2008 y para su realizaci\u00f3n se ha rodeado  de los mejores productores internacionales.<\/p>\n<p>&#13;<\/p>\n<p align=\"justify\" class=\"text1noticias\">Mientras La Oreja de Van Gogh con su  nueva cantante y Amaia Montero preparan sus nuevos trabajos, se acaba de  publicar esta semana el \u00e1lbum La   Oreja de Van Gogh, Grandes \u00e9xitos, con lo mejor del  repertorio del grupo espa\u00f1ol, especialmente remasterizados para esta edici\u00f3n.  Son las grandes canciones que cierran un ciclo de diez a\u00f1os de la banda  donostiarra, una d\u00e9cada en la que ha liderado de manera incontestable el pop  espa\u00f1ol, con cinco \u00e1lbumes publicados de los que ha vendido m\u00e1s de 6 millones  de ejemplares en todo el mundo.<br \/>&#13;<br \/>\n\u00a0<br \/>&#13;<br \/>\nAmaia Montero (voz), Pablo  Benegas (guitarra), Xabi San Mart\u00edn (teclados), \u00c1lvaro Fuentes (bajo) y Haritz Garde  (bater\u00eda) publicaron su primer \u00e1lbum (Dile al sol) en 1998 y fue su primer n\u00ba1.  Diez a\u00f1os despu\u00e9s, Amaia y la   Oreja de Van Gogh han tomado caminos diferentes dejando su  m\u00fasica en el mismo n\u00ba1 con su \u00e1lbum \u201cGuapa\u201d, el m\u00e1s vendido del 2006 con 11  Discos de Platino y tres de Oro en todo el mundo. En esta d\u00e9cada, la banda ha  lanzado 65 canciones que ya forman parte de la historia de la m\u00fasica espa\u00f1ola y  que, como escrib\u00eda el periodista Diego A. Manrique en el a\u00f1o 2003, \u201csi alguien  se toma el trabajo de estudiar la estructura del cancionero de La Oreja, le espera el grato  descubrimiento de que estas canciones no han sido dise\u00f1adas con tiral\u00edneas. Hay  capricho, puede que hasta experimentaci\u00f3n, en la construcci\u00f3n de sus temas,  igual que en el tratamiento instrumental\u201d.<br \/>&#13;<br \/>\n\u00a0<br \/>&#13;<br \/>\n16 de estas canciones se  re\u00fanen ahora remasterizadas en el \u00e1lbum La Oreja de Van Gogh. Grandes \u00e9xitos, que se publica  en dos formatos: CD y CD+DVD con los videoclips todas las canciones. Temas  incontestables que recorren su carrera y que se han incrustado en la memoria  popular con un estilo \u00fanico, inimitable e irrepetible.<br \/>&#13;<br \/>\n<br \/> &#13;<br \/>\nSon \u201cCu\u00eddate\u201d, \u201c20 de  enero\u201d, \u201cEl 28\u201d,  \u201cPar\u00eds\u201d, \u201cLa playa\u201d, \u201cMu\u00f1eca de trapo\u201d, \u201cPuedes contar conmigo\u201d, \u201cRosas\u201d,  \u201cDulce locura\u201d, \u201cCu\u00e9ntame al o\u00eddo\u201d, \u201cVestido azul\u201d, \u201cPop\u201d, \u201cGeograf\u00eda\u201d,  \u201cMariposa\u201d, \u201cEn mi lado del sof\u00e1\u201d y, como bonus track, \u201cSoledad\u201d.<\/p>\n<p>&#13;<\/p>\n<p align=\"justify\" class=\"text1noticias\">El \u00e1lbum La Oreja de Van Gogh. Grandes  \u00e9xitos es el resumen de una carrera plagada de n\u00ba1, que ha conseguido los  premios m\u00e1s importantes (Grammy Latino, Premios de la M\u00fasica, Amigo, Ondas, MTV,  festival chileno de Vi\u00f1a del Mar&#8230;) y que ha recorrido medio mundo con giras  interminables en Espa\u00f1a y numerosos conciertos en Estados Unidos, Chile,  Argentina, Uruguay, M\u00e9xico, Puerto Rico, El Salvador, Per\u00fa, Panam\u00e1, Ecuador,  Colombia, Guatemala, Venezuela, Rep\u00fablica Dominicana, El Salvador, Nicaragua,  Panam\u00e1 y Francia, entre otros pa\u00edses.<\/p>\n<p>&#13;<\/p>\n<p align=\"justify\" class=\"text1noticias\">Si un \u00e1lbum puede resumir una  parte fundamental de los \u00faltimos diez a\u00f1os de la m\u00fasica espa\u00f1ola m\u00e1s  internacional, es este de grandes \u00e9xitos. Son 16 canciones que han recorrido el  mundo y que ahora vuelven para permanecer en la estanter\u00eda de los discos  imprescindibles. Es la historia de La   Oreja de Van Gogh, que se publica para cerrar una d\u00e9cada  dorada del pop espa\u00f1ol.<\/p>\n<p>&#13;<\/p>\n<h6> 2008-07-03 23:04:04 <\/h6>\n<p><!--\n<link rel=\"stylesheet\" href=\"css\/bootstrap.min.css\">\n\n\n<ul class=\"pagination\">\n\t    \n\t\n\n<li >\n\t<a href='?page_no=21273'>Previous<\/a>\n\t<\/li>\n\n\n       \n    \n\n<li><a href='?page_no=1'>1<\/a><\/li>\n\n\n\n<li><a href='?page_no=2'>2<\/a><\/li>\n\n\n\n<li><a>...<\/a><\/li>\n\n\n\n<li><a href='?page_no=21272'>21272<\/a><\/li>\n\n\n\n<li><a href='?page_no=21273'>21273<\/a><\/li>\n\n\n\n<li class='active'><a>21274<\/a><\/li>\n\n\n\n<li><a href='?page_no=21275'>21275<\/a><\/li>\n\n\n\n<li><a href='?page_no=21276'>21276<\/a><\/li>\n\n\n\n<li><a>...<\/a><\/li>\n\n\n\n<li><a href='?page_no=22522'>22522<\/a><\/li>\n\n\n\n<li><a href='?page_no=22523'>22523<\/a><\/li>\n\n    \n\t\n\n<li >\n\t<a href='?page_no=21275'>Next<\/a>\n\t<\/li>\n\n\n    \n\n<li><a href='?page_no=22523'>Last &rsaquo;&rsaquo;<\/a><\/li>\n\n<\/ul>\n\n\n--><br \/>\n<\/body><\/p>\n","protected":false},"excerpt":{"rendered":"<p>La Oreja de Van Gogh y Amaia preparan su \u00faltimo \u00e1bum &#13; Miami, FL.- La Oreja de Van Gogh se encuentra actualmente preparando su nuevo \u00e1lbum que se publicar\u00e1 a principios de septiembre de 2008, mientras se mantiene la inc\u00f3gnita de qui\u00e9n ser\u00e1 la nueva cantante de la banda donostiarra. Este secreto se desvelar\u00e1 el [&hellip;]<\/p>\n","protected":false},"author":3,"featured_media":0,"comment_status":"open","ping_status":"open","sticky":false,"template":"","format":"standard","meta":{"footnotes":""},"categories":[25],"tags":[],"class_list":["post-92652","post","type-post","status-publish","format-standard","hentry","category-gente"],"_links":{"self":[{"href":"https:\/\/diariodominicano.com\/index.php?rest_route=\/wp\/v2\/posts\/92652","targetHints":{"allow":["GET"]}}],"collection":[{"href":"https:\/\/diariodominicano.com\/index.php?rest_route=\/wp\/v2\/posts"}],"about":[{"href":"https:\/\/diariodominicano.com\/index.php?rest_route=\/wp\/v2\/types\/post"}],"author":[{"embeddable":true,"href":"https:\/\/diariodominicano.com\/index.php?rest_route=\/wp\/v2\/users\/3"}],"replies":[{"embeddable":true,"href":"https:\/\/diariodominicano.com\/index.php?rest_route=%2Fwp%2Fv2%2Fcomments&post=92652"}],"version-history":[{"count":0,"href":"https:\/\/diariodominicano.com\/index.php?rest_route=\/wp\/v2\/posts\/92652\/revisions"}],"wp:attachment":[{"href":"https:\/\/diariodominicano.com\/index.php?rest_route=%2Fwp%2Fv2%2Fmedia&parent=92652"}],"wp:term":[{"taxonomy":"category","embeddable":true,"href":"https:\/\/diariodominicano.com\/index.php?rest_route=%2Fwp%2Fv2%2Fcategories&post=92652"},{"taxonomy":"post_tag","embeddable":true,"href":"https:\/\/diariodominicano.com\/index.php?rest_route=%2Fwp%2Fv2%2Ftags&post=92652"}],"curies":[{"name":"wp","href":"https:\/\/api.w.org\/{rel}","templated":true}]}}