{"id":92651,"date":"2008-07-04T21:27:33","date_gmt":"2008-07-04T21:27:33","guid":{"rendered":"http:\/\/diariodominicano.ddns.net\/?p=92651"},"modified":"2008-07-04T21:27:33","modified_gmt":"2008-07-04T21:27:33","slug":"michelle-rodriguez-ofrece-primer-encuentro-de-prensa-en-santo-domingo","status":"publish","type":"post","link":"https:\/\/diariodominicano.com\/?p=92651","title":{"rendered":"Michelle Rodr\u00edguez ofrece primer encuentro de prensa en Santo Domingo"},"content":{"rendered":"<p><body><\/p>\n<p align=\"center\" class=\"titulogrande1\"><strong>Michelle Rodr\u00edguez ofrece primer encuentro de prensa  en Santo Domingo<\/strong><\/p>\n<p>&#13;<\/p>\n<p align=\"justify\" class=\"text1noticias\"><strong><img loading=\"lazy\" decoding=\"async\" src=\"http:\/\/localhost:8080\/gente\/img\/michele rodriguez.jpg\" width=\"375\" height=\"1013\" hspace=\"4\" align=\"left\" \/>Santo Domingo.- <\/strong>La  reconocida actriz de Hollywood Michelle Rodr\u00edguez (Girlfight, Fast and The  Furious, Resident Evil) ofreci\u00f3 su primera conferencia de prensa en Hard Rock  Caf\u00e9 Santo Domingo donde habl\u00f3 sobre su carrera y su rol protag\u00f3nico en la  pel\u00edcula \u00abTr\u00f3pico de Sangre\u00bb de la cual es productora junto al  empresario Joan Giacinti, bajo la direcci\u00f3n de Juan Del\u00e1ncer.<br \/>&#13;<br \/>\n  <br \/>&#13;<br \/>\n  Durante el acto,  moderado por la actriz y comunicadora Celin\u00e9s Toribio, Rodr\u00edguez refiri\u00f3 que  siempre quiso participar de una producci\u00f3n dominicana al ver el auge del cine  local en estos \u00faltimos a\u00f1os, por ello desde que surgi\u00f3 la oportunidad de actuar  en Tr\u00f3pico de Sangre de inmediato la tom\u00f3.<br \/>&#13;<br \/>\n  <br \/>&#13;<br \/>\n  Tr\u00f3pico de Sangre es una  pel\u00edcula basada en la vida de las hermanas Mirabal, hero\u00ednas de Salcedo que  enfrentaron con dignidad la tiran\u00eda del dictador Rafael Le\u00f3nidas Trujillo  (1930-1961), asesinadas por \u00e9ste en 1959.<br \/>&#13;<br \/>\n  <br \/>&#13;<br \/>\n  Dijo que al encarnar a  Minerva Mirabal pretende llevar un mensaje alentador, positivo y libertador a  los j\u00f3venes, a quienes conmin\u00f3 a no dejarse vencer y\u00a0 luchar por sus  ideales, como hicieron las hero\u00ednas dominicanas.<br \/>&#13;<br \/>\n  <br \/>&#13;<br \/>\n  \u00abMe apasiona  la trama que encierra esta pel\u00edcula, no s\u00f3lo porque relata una historia basada  en hechos reales, sino por el valor y temple que tuvieron las Mirabal para  enfrentar la brutal tiran\u00eda que vivieron, dice la actriz de la pel\u00edcula The  Battle in Seattle, donde comparte rol con las ganadoras del Oscar, Susan  Sarandon y Charlize Theron.<br \/>&#13;<br \/>\n<br \/>&#13;<br \/>\nAdem\u00e1s del gui\u00f3n de Juan  Del\u00e1ncer, Tr\u00f3pico de Sangre, cuenta con el protag\u00f3nico del primer actor M\u00e9xico-cubano  C\u00e9sar Evora y la hermana sobreviviente de las hero\u00ednas, Do\u00f1a Ded\u00e9 Mirabal,  quien ser\u00e1 el hilo conductor de la trama.<br \/>&#13;<br \/>\n<br \/>&#13;<br \/>\nCelin\u00e9s Toribio y Claudette Lal\u00ed, actrices  dominicanas radicadas en Los \u00c1ngeles, tendr\u00e1n roles importantes en el  largometraje, a cargo de las productoras Kemasi Films y Cheshire Kat  Productions.<br \/>&#13;<br \/>\n<br \/>&#13;<br \/>\nTr\u00f3pico  de Sangre abordar\u00e1 la tragedia de las hermanas Mirabal teniendo como tel\u00f3n de  fondo el \u00faltimo decenio de la tiran\u00eda de Rafael Le\u00f3nidas Trujillo y enfatizar\u00e1  en la lucha clandestina que se desat\u00f3 a finales de su largo y f\u00e9rreo mandato.<\/p>\n<p>&#13;<\/p>\n<h6> 2008-07-04 21:27:33 <\/h6>\n<p><!--\n<link rel=\"stylesheet\" href=\"css\/bootstrap.min.css\">\n\n\n<ul class=\"pagination\">\n\t    \n\t\n\n<li >\n\t<a href='?page_no=21272'>Previous<\/a>\n\t<\/li>\n\n\n       \n    \n\n<li><a href='?page_no=1'>1<\/a><\/li>\n\n\n\n<li><a href='?page_no=2'>2<\/a><\/li>\n\n\n\n<li><a>...<\/a><\/li>\n\n\n\n<li><a href='?page_no=21271'>21271<\/a><\/li>\n\n\n\n<li><a href='?page_no=21272'>21272<\/a><\/li>\n\n\n\n<li class='active'><a>21273<\/a><\/li>\n\n\n\n<li><a href='?page_no=21274'>21274<\/a><\/li>\n\n\n\n<li><a href='?page_no=21275'>21275<\/a><\/li>\n\n\n\n<li><a>...<\/a><\/li>\n\n\n\n<li><a href='?page_no=22522'>22522<\/a><\/li>\n\n\n\n<li><a href='?page_no=22523'>22523<\/a><\/li>\n\n    \n\t\n\n<li >\n\t<a href='?page_no=21274'>Next<\/a>\n\t<\/li>\n\n\n    \n\n<li><a href='?page_no=22523'>Last &rsaquo;&rsaquo;<\/a><\/li>\n\n<\/ul>\n\n\n--><br \/>\n<\/body><\/p>\n","protected":false},"excerpt":{"rendered":"<p>Michelle Rodr\u00edguez ofrece primer encuentro de prensa en Santo Domingo &#13; Santo Domingo.- La reconocida actriz de Hollywood Michelle Rodr\u00edguez (Girlfight, Fast and The Furious, Resident Evil) ofreci\u00f3 su primera conferencia de prensa en Hard Rock Caf\u00e9 Santo Domingo donde habl\u00f3 sobre su carrera y su rol protag\u00f3nico en la pel\u00edcula \u00abTr\u00f3pico de Sangre\u00bb de [&hellip;]<\/p>\n","protected":false},"author":3,"featured_media":0,"comment_status":"open","ping_status":"open","sticky":false,"template":"","format":"standard","meta":{"footnotes":""},"categories":[25],"tags":[],"class_list":["post-92651","post","type-post","status-publish","format-standard","hentry","category-gente"],"_links":{"self":[{"href":"https:\/\/diariodominicano.com\/index.php?rest_route=\/wp\/v2\/posts\/92651","targetHints":{"allow":["GET"]}}],"collection":[{"href":"https:\/\/diariodominicano.com\/index.php?rest_route=\/wp\/v2\/posts"}],"about":[{"href":"https:\/\/diariodominicano.com\/index.php?rest_route=\/wp\/v2\/types\/post"}],"author":[{"embeddable":true,"href":"https:\/\/diariodominicano.com\/index.php?rest_route=\/wp\/v2\/users\/3"}],"replies":[{"embeddable":true,"href":"https:\/\/diariodominicano.com\/index.php?rest_route=%2Fwp%2Fv2%2Fcomments&post=92651"}],"version-history":[{"count":0,"href":"https:\/\/diariodominicano.com\/index.php?rest_route=\/wp\/v2\/posts\/92651\/revisions"}],"wp:attachment":[{"href":"https:\/\/diariodominicano.com\/index.php?rest_route=%2Fwp%2Fv2%2Fmedia&parent=92651"}],"wp:term":[{"taxonomy":"category","embeddable":true,"href":"https:\/\/diariodominicano.com\/index.php?rest_route=%2Fwp%2Fv2%2Fcategories&post=92651"},{"taxonomy":"post_tag","embeddable":true,"href":"https:\/\/diariodominicano.com\/index.php?rest_route=%2Fwp%2Fv2%2Ftags&post=92651"}],"curies":[{"name":"wp","href":"https:\/\/api.w.org\/{rel}","templated":true}]}}