{"id":92650,"date":"2008-07-04T21:31:35","date_gmt":"2008-07-04T21:31:35","guid":{"rendered":"http:\/\/diariodominicano.ddns.net\/?p=92650"},"modified":"2008-07-04T21:31:35","modified_gmt":"2008-07-04T21:31:35","slug":"kola-real-anuncia-apoyo-concierto-alberto-cortez-acustico","status":"publish","type":"post","link":"https:\/\/diariodominicano.com\/?p=92650","title":{"rendered":"Kola Real anuncia apoyo concierto Alberto Cortez Ac\u00fastico"},"content":{"rendered":"<p><body><\/p>\n<p align=\"center\" class=\"titulogrande1\"><strong>Kola Real anuncia apoyo concierto Alberto Cortez  Ac\u00fastico<\/strong><\/p>\n<p>&#13;<\/p>\n<p align=\"justify\" class=\"text1noticias\"><strong><img loading=\"lazy\" decoding=\"async\" src=\"http:\/\/localhost:8080\/gente\/img\/alberto cortez.jpg\" width=\"375\" height=\"500\" hspace=\"4\" align=\"left\" \/>Santo Domingo.- <\/strong>La marca de refrescos Kola Real, anuncia su apoyo a  la presentaci\u00f3n en el pa\u00eds del cantautor argentino Alberto Cortez el pr\u00f3ximo  viernes 25 en el Teatro La Fiesta del Hotel Jaragua y el s\u00e1bado 26 de julio en  el Gran Teatro del Cibao.<\/p>\n<p>&#13;<\/p>\n<p align=\"justify\" class=\"text1noticias\">La presentaci\u00f3n del veterano cantor es con motivo del  d\u00eda de los padres y a beneficio del \u00abPatronato Nacional de Ciegos\u00bb.<\/p>\n<p>&#13;<\/p>\n<p align=\"justify\" class=\"text1noticias\">Esta vez el int\u00e9rprete de \u00abMi \u00c1rbol y yo\u00bb  deleitar\u00e1 a su p\u00fablico dominicano con una presentaci\u00f3n ac\u00fastica de sus mejores  canciones en compa\u00f1\u00eda del piano, bajo, bater\u00eda\u00a0 y su voz magistral, que a  sus 68 a\u00f1os no ha perdido la intensidad y emotividad que lo han hecho merecedor  de las mayores ovaciones. <\/p>\n<p>&#13;<\/p>\n<p align=\"justify\" class=\"text1noticias\">En el 2007 Alberto recibi\u00f3 en Las Vegas el Grammy a la  Excelencia Musical, mostrando al mundo que su m\u00fasica sigue vigente sin importar  la \u00e9poca y las tendencias. El cantante y compositor argentino nos presenta un  concierto con una recopilaci\u00f3n de sus m\u00e1s grandes temas.<\/p>\n<p>&#13;<\/p>\n<p align=\"justify\" class=\"text1noticias\">\u00abNos sentimos honrados de patrocinar con nuestra  marca un artista de la envergadura del maestro Cortez pues su m\u00fasica tiene  arraigo tanto en la generaci\u00f3n de los a\u00f1os 70 como en la actual\u00bb, apunta  Gino Mestanza, director de mercadeo de Kola Real.<\/p>\n<p>&#13;<\/p>\n<p align=\"justify\" class=\"text1noticias\">Y es que las presentaciones del artista argentino  aglutinan p\u00fablico de todas las edades dado que su m\u00fasica acompa\u00f1\u00f3 m\u00e1s de 4  generaciones en su crecimiento.<\/p>\n<p>&#13;<\/p>\n<p align=\"justify\" class=\"text1noticias\">De su lado Dawning Liriano\u00a0 de producciones  Amatier, empresa responsable de los conciertos, dice que es una oferta  inmejorable para los padres ya que la m\u00fasica de Cortez de alguna manera forma  parte de la vida de nuestros progenitores.<\/p>\n<p>&#13;<\/p>\n<p align=\"justify\" class=\"text1noticias\">\u00abVale la pena, porque Don Alberto es cuerpo y  alma, es compromiso, es confesional y rom\u00e1ntico, es un amigo que nos brinda un  espect\u00e1culo inigualable\u00bb, dice Estela N\u00fa\u00f1ez productora del concierto en  Santo Domingo. <\/p>\n<p>&#13;<\/p>\n<p align=\"justify\" class=\"text1noticias\">Los conciertos conceptuales del artista argentino, han  dado buenos resultados en el mercado dominicanos a juzgar por la exitosa  presentaci\u00f3n de Alberto Cortez Sinf\u00f3nico en el 2006 y ahora las expectativas  que ha generado con el ac\u00fastico para el d\u00eda de los padres.<\/p>\n<p>&#13;<\/p>\n<h6> 2008-07-04 21:31:35 <\/h6>\n<p><!--\n<link rel=\"stylesheet\" href=\"css\/bootstrap.min.css\">\n\n\n<ul class=\"pagination\">\n\t    \n\t\n\n<li >\n\t<a href='?page_no=21271'>Previous<\/a>\n\t<\/li>\n\n\n       \n    \n\n<li><a href='?page_no=1'>1<\/a><\/li>\n\n\n\n<li><a href='?page_no=2'>2<\/a><\/li>\n\n\n\n<li><a>...<\/a><\/li>\n\n\n\n<li><a href='?page_no=21270'>21270<\/a><\/li>\n\n\n\n<li><a href='?page_no=21271'>21271<\/a><\/li>\n\n\n\n<li class='active'><a>21272<\/a><\/li>\n\n\n\n<li><a href='?page_no=21273'>21273<\/a><\/li>\n\n\n\n<li><a href='?page_no=21274'>21274<\/a><\/li>\n\n\n\n<li><a>...<\/a><\/li>\n\n\n\n<li><a href='?page_no=22522'>22522<\/a><\/li>\n\n\n\n<li><a href='?page_no=22523'>22523<\/a><\/li>\n\n    \n\t\n\n<li >\n\t<a href='?page_no=21273'>Next<\/a>\n\t<\/li>\n\n\n    \n\n<li><a href='?page_no=22523'>Last &rsaquo;&rsaquo;<\/a><\/li>\n\n<\/ul>\n\n\n--><br \/>\n<\/body><\/p>\n","protected":false},"excerpt":{"rendered":"<p>Kola Real anuncia apoyo concierto Alberto Cortez Ac\u00fastico &#13; Santo Domingo.- La marca de refrescos Kola Real, anuncia su apoyo a la presentaci\u00f3n en el pa\u00eds del cantautor argentino Alberto Cortez el pr\u00f3ximo viernes 25 en el Teatro La Fiesta del Hotel Jaragua y el s\u00e1bado 26 de julio en el Gran Teatro del Cibao. [&hellip;]<\/p>\n","protected":false},"author":3,"featured_media":0,"comment_status":"open","ping_status":"open","sticky":false,"template":"","format":"standard","meta":{"footnotes":""},"categories":[25],"tags":[],"class_list":["post-92650","post","type-post","status-publish","format-standard","hentry","category-gente"],"_links":{"self":[{"href":"https:\/\/diariodominicano.com\/index.php?rest_route=\/wp\/v2\/posts\/92650","targetHints":{"allow":["GET"]}}],"collection":[{"href":"https:\/\/diariodominicano.com\/index.php?rest_route=\/wp\/v2\/posts"}],"about":[{"href":"https:\/\/diariodominicano.com\/index.php?rest_route=\/wp\/v2\/types\/post"}],"author":[{"embeddable":true,"href":"https:\/\/diariodominicano.com\/index.php?rest_route=\/wp\/v2\/users\/3"}],"replies":[{"embeddable":true,"href":"https:\/\/diariodominicano.com\/index.php?rest_route=%2Fwp%2Fv2%2Fcomments&post=92650"}],"version-history":[{"count":0,"href":"https:\/\/diariodominicano.com\/index.php?rest_route=\/wp\/v2\/posts\/92650\/revisions"}],"wp:attachment":[{"href":"https:\/\/diariodominicano.com\/index.php?rest_route=%2Fwp%2Fv2%2Fmedia&parent=92650"}],"wp:term":[{"taxonomy":"category","embeddable":true,"href":"https:\/\/diariodominicano.com\/index.php?rest_route=%2Fwp%2Fv2%2Fcategories&post=92650"},{"taxonomy":"post_tag","embeddable":true,"href":"https:\/\/diariodominicano.com\/index.php?rest_route=%2Fwp%2Fv2%2Ftags&post=92650"}],"curies":[{"name":"wp","href":"https:\/\/api.w.org\/{rel}","templated":true}]}}