{"id":92649,"date":"2008-07-04T21:36:14","date_gmt":"2008-07-04T21:36:14","guid":{"rendered":"http:\/\/diariodominicano.ddns.net\/?p=92649"},"modified":"2008-07-04T21:36:14","modified_gmt":"2008-07-04T21:36:14","slug":"la-lucha-lanza-campana-contra-la-corrupcion-en-programa-nuria","status":"publish","type":"post","link":"https:\/\/diariodominicano.com\/?p=92649","title":{"rendered":"La Lucha lanza Campa\u00f1a contra la Corrupci\u00f3n en programa Nuria"},"content":{"rendered":"<p><body><\/p>\n<p class=\"titulogrande1\"><strong>La Lucha lanza Campa\u00f1a contra  la Corrupci\u00f3n en programa Nuria <\/strong><\/p>\n<p>&#13;<\/p>\n<p align=\"justify\" class=\"text1noticias\"><strong><img loading=\"lazy\" decoding=\"async\" src=\"http:\/\/localhost:8080\/gente\/img\/mario berges.jpg\" width=\"375\" height=\"505\" hspace=\"4\" align=\"left\" \/>Santo Domingo, D.N.-<\/strong> El Espacio de Coordinaci\u00f3n  de la Lucha contra la Corrupci\u00f3n lanza una nueva campa\u00f1a de sensibilizaci\u00f3n  utilizando como escenario el espacio televisivo Nuria Investigaci\u00f3n  period\u00edstica, a ser transmitido el pr\u00f3ximo s\u00e1bado 5 de julio, por Color Visi\u00f3n,  canal 9.<\/p>\n<p>&#13;<\/p>\n<p align=\"justify\" class=\"text1noticias\">Mensajes contundentes y precisos son mostrados  en la Campa\u00f1a la cual desarrolla bajo el lema \u201cParticipa y Exige\u201d, para ayudar a  la sociedad a empoderarse exigiendo el buen manejo de nuestros recursos.\u00a0 <\/p>\n<p>&#13;<\/p>\n<p align=\"justify\" class=\"text1noticias\">En este nuevo esfuerzo, La Lucha promueve la  incorporaci\u00f3n de la ciudadan\u00eda a enfrentar la corrupci\u00f3n a trav\u00e9s del uso  efectivo de las v\u00edas de participaci\u00f3n y control social establecidos en la ley  176-07 (sobre los ayuntamientos del Distrito Nacional y los Municipios) y Ley 200-04  (sobre Libre Acceso a la Informaci\u00f3n P\u00fablica). <br \/>&#13;<br \/>\n  <br \/>&#13;<br \/>\n Estos temas son tratados en dos  comerciales de televisi\u00f3n y cu\u00f1as de radio producidos con el citado objetivo; y  un tercer comercial llama a rescatar los valores y principios de la  dominicanidad.<\/p>\n<p>&#13;<\/p>\n<p align=\"justify\" class=\"text1noticias\">El relacionado con la Ley 176-07, presenta una  experiencias reales en varios municipios, donde organizaciones de la sociedad  civil efectuaron monitoreo social a obras del municipio, obteniendo resultados  satisfactorios para la poblaci\u00f3n. <\/p>\n<p>&#13;<\/p>\n<p align=\"justify\" class=\"text1noticias\">La Lucha es apoyada por m\u00e1s de 200  organizaciones de la sociedad civil procedentes de 28 municipios.\u00a0 Sus objetivos est\u00e1n enfocados en la necesidad  de contribuir al cambio cultural en el pueblo dominicano hasta llegar al nivel  de tolerancia cero frente a la corrupci\u00f3n, contribuir para que sus agrupaciones  miembros desarrollen capacidades para entender el fen\u00f3meno, desarrollar  propuestas y hacer abogac\u00eda a favor de la transparencia, la rendici\u00f3n de  cuentas y la reducci\u00f3n de la corrupci\u00f3n.<\/p>\n<p>&#13;<\/p>\n<p align=\"justify\" class=\"text1noticias\">El lanzamiento estuvo representado  por Mario Berg\u00e9s, Coordinador General del Espacio de Coordinaci\u00f3n de La Lucha  contra la Corrupci\u00f3n; Servio Tulio Casta\u00f1os Guzm\u00e1n, Vicepresidente Ejecutivo de  la Fundaci\u00f3n Institucionalidad y Justicia (FINJUS), y Javier Cabreja, Director  Ejecutivo de Participaci\u00f3n Ciudadana.<\/p>\n<p>&#13;<\/p>\n<p align=\"justify\" class=\"text1noticias\">En el marco del lanzamiento Nuria  Piera manifest\u00f3 sentirse alagada por el hecho de que el Espacio de Coordinaci\u00f3n  de la Lucha escogiera su programa para el desarrollo de este lanzamiento, dado  que la identifican como una fiel luchadora contra la corrupci\u00f3n.\u00a0 <\/p>\n<p>&#13;<\/p>\n<p align=\"justify\" class=\"text1noticias\">El pasado a\u00f1o La Lucha realiz\u00f3 su primera Campa\u00f1a, la  cual ten\u00eda como prop\u00f3sito sensibilizar a los dominicanos y dominicanas sobre  los efectos y costos de corrupci\u00f3n.\u00a0 Este  esfuerzo se hizo realidad apoyados en el Primer Estudio de Costos de la  Corrupci\u00f3n en Hogares Dominicanos, en el que se destac\u00f3 que s\u00f3lo en macuteo se  gastaba la suma de 6 mil 268 millones de pesos.<br \/>&#13;<br \/>\n  <br \/>&#13;<br \/>\n  En esta nueva Campa\u00f1a ofrecen a todos los dominicanos  y dominicanas las herramientas precisas para prevenir la corrupci\u00f3n, a trav\u00e9s  del uso de las v\u00edas de participaci\u00f3n y la rendici\u00f3n de cuentas.<\/p>\n<p>&#13;<\/p>\n<h6> 2008-07-04 21:36:14 <\/h6>\n<p><!--\n<link rel=\"stylesheet\" href=\"css\/bootstrap.min.css\">\n\n\n<ul class=\"pagination\">\n\t    \n\t\n\n<li >\n\t<a href='?page_no=21270'>Previous<\/a>\n\t<\/li>\n\n\n       \n    \n\n<li><a href='?page_no=1'>1<\/a><\/li>\n\n\n\n<li><a href='?page_no=2'>2<\/a><\/li>\n\n\n\n<li><a>...<\/a><\/li>\n\n\n\n<li><a href='?page_no=21269'>21269<\/a><\/li>\n\n\n\n<li><a href='?page_no=21270'>21270<\/a><\/li>\n\n\n\n<li class='active'><a>21271<\/a><\/li>\n\n\n\n<li><a href='?page_no=21272'>21272<\/a><\/li>\n\n\n\n<li><a href='?page_no=21273'>21273<\/a><\/li>\n\n\n\n<li><a>...<\/a><\/li>\n\n\n\n<li><a href='?page_no=22522'>22522<\/a><\/li>\n\n\n\n<li><a href='?page_no=22523'>22523<\/a><\/li>\n\n    \n\t\n\n<li >\n\t<a href='?page_no=21272'>Next<\/a>\n\t<\/li>\n\n\n    \n\n<li><a href='?page_no=22523'>Last &rsaquo;&rsaquo;<\/a><\/li>\n\n<\/ul>\n\n\n--><br \/>\n<\/body><\/p>\n","protected":false},"excerpt":{"rendered":"<p>La Lucha lanza Campa\u00f1a contra la Corrupci\u00f3n en programa Nuria &#13; Santo Domingo, D.N.- El Espacio de Coordinaci\u00f3n de la Lucha contra la Corrupci\u00f3n lanza una nueva campa\u00f1a de sensibilizaci\u00f3n utilizando como escenario el espacio televisivo Nuria Investigaci\u00f3n period\u00edstica, a ser transmitido el pr\u00f3ximo s\u00e1bado 5 de julio, por Color Visi\u00f3n, canal 9. &#13; Mensajes [&hellip;]<\/p>\n","protected":false},"author":3,"featured_media":0,"comment_status":"open","ping_status":"open","sticky":false,"template":"","format":"standard","meta":{"footnotes":""},"categories":[25],"tags":[],"class_list":["post-92649","post","type-post","status-publish","format-standard","hentry","category-gente"],"_links":{"self":[{"href":"https:\/\/diariodominicano.com\/index.php?rest_route=\/wp\/v2\/posts\/92649","targetHints":{"allow":["GET"]}}],"collection":[{"href":"https:\/\/diariodominicano.com\/index.php?rest_route=\/wp\/v2\/posts"}],"about":[{"href":"https:\/\/diariodominicano.com\/index.php?rest_route=\/wp\/v2\/types\/post"}],"author":[{"embeddable":true,"href":"https:\/\/diariodominicano.com\/index.php?rest_route=\/wp\/v2\/users\/3"}],"replies":[{"embeddable":true,"href":"https:\/\/diariodominicano.com\/index.php?rest_route=%2Fwp%2Fv2%2Fcomments&post=92649"}],"version-history":[{"count":0,"href":"https:\/\/diariodominicano.com\/index.php?rest_route=\/wp\/v2\/posts\/92649\/revisions"}],"wp:attachment":[{"href":"https:\/\/diariodominicano.com\/index.php?rest_route=%2Fwp%2Fv2%2Fmedia&parent=92649"}],"wp:term":[{"taxonomy":"category","embeddable":true,"href":"https:\/\/diariodominicano.com\/index.php?rest_route=%2Fwp%2Fv2%2Fcategories&post=92649"},{"taxonomy":"post_tag","embeddable":true,"href":"https:\/\/diariodominicano.com\/index.php?rest_route=%2Fwp%2Fv2%2Ftags&post=92649"}],"curies":[{"name":"wp","href":"https:\/\/api.w.org\/{rel}","templated":true}]}}