{"id":92647,"date":"2008-07-07T19:09:49","date_gmt":"2008-07-07T19:09:49","guid":{"rendered":"http:\/\/diariodominicano.ddns.net\/?p=92647"},"modified":"2008-07-07T19:09:49","modified_gmt":"2008-07-07T19:09:49","slug":"el-rescate-de-betancourt-en-la-gran-pantalla","status":"publish","type":"post","link":"https:\/\/diariodominicano.com\/?p=92647","title":{"rendered":"El rescate de Betancourt, en la gran pantalla"},"content":{"rendered":"<p><body><\/p>\n<p align=\"justify\"><strong class=\"titulogrande1\">El rescate de Betancourt, en la gran pantalla<\/strong><br \/>&#13;<br \/>\n  <br \/>&#13;<br \/>\n    <span class=\"text1noticias\">El director colombiano Sim\u00f3n Brand ser\u00e1 el encargado de dirigir la pel\u00edcula  que llevar\u00e1 a los cines la &#8216;Operaci\u00f3n Jaque&#8217; <br \/>&#13;<br \/>\n    <br \/>&#13;<br \/>\n    <strong>AGENCIAS<\/strong> &#8211; Bogot\u00e1 &#8211; 07\/07\/2008 <\/span><\/p>\n<p>&#13;<\/p>\n<p align=\"justify\" class=\"text1noticias\"><img loading=\"lazy\" decoding=\"async\" src=\"http:\/\/localhost:8080\/gente\/img\/film rescate.jpg\" width=\"375\" height=\"276\" hspace=\"4\" align=\"left\" \/>Antes de libertar Ingrid  Betancourt, los militares colombianos recibieron clases de teatro para no  despertar sospechas entre los guerrilleros. La cadena de televisi\u00f3n colombiana  RCN anuncia que ahora tocar\u00e1 a actores de verdad contar en la gran pantalla  esta historia. En colaboraci\u00f3n con un gran estudio de Hollywood, la cadena  producir\u00e1 una pel\u00edcula sobre la operaci\u00f3n militar que permiti\u00f3 el rescate de  Betancourt y otros 14 rehenes en manos de las Fuerzas Armadas Revolucionarias  de Colombia (FARC).<br \/>&#13;<br \/>\n  <br \/>&#13;<br \/>\n  El director colombiano Sim\u00f3n Brand  ser\u00e1 el encargado de dirigir la pel\u00edcula que llevar\u00e1 a los cines la <em>Operaci\u00f3n  Jaque<\/em>. Seg\u00fan revela la propia cadena de televisi\u00f3n todav\u00eda falta definir en  qu\u00e9 idioma se escribir\u00e1 el gui\u00f3n y si la pel\u00edcula se rodar\u00e1 en Colombia o en  Francia. Brand, afincando en Los \u00c1ngeles, debut\u00f3 en la gran pantalla con <em>Mentes  en blanco<\/em> un thriller de terror psicol\u00f3gico protagonizado por Jim Caviezel  (<em>La pasi\u00f3n<\/em>). Su \u00faltima pel\u00edcula es <em>Para\u00edso Travel<\/em> un film basado  en la novela hom\u00f3nima de su compatriota Jorge Franco, que narra la vida de los  inmigrantes colombianos en Nueva York. Adem\u00e1s, el director ha trabajado en  varios v\u00eddeos musicales con estrellas como Alejandro Sanz, Enrique Iglesias,  Paulina Rubio, Thal\u00eda, Shakira y Juanes.<br \/>&#13;<br \/>\n  <br \/>&#13;<br \/>\n  Brand se enfrentar\u00e1 al desaf\u00edo de  tornar real un rescate ya registrado en v\u00eddeo. Las im\u00e1genes del operativo, grabadas por uno de los miembros de la  misi\u00f3n internacional ficticia preparada por los servicios de inteligencia del  ej\u00e9rcito colombiano, se divulgaron poco despu\u00e9s del rescate.<br \/>&#13;<br \/>\n  <br \/>&#13;<br \/>\n  La dram\u00e1tica historia tambi\u00e9n  podr\u00e1 verse sobre las tablas del teatro en una obra del pu\u00f1o y letra de la  protagonista. La propia Betancourt ha anunciado su intenci\u00f3n de escribir una  obra de teatro en la que relatar\u00e1 sus seis a\u00f1os de cautiverio. \u00abNo tengo  la pretensi\u00f3n de escribir demasiado, pero quiero dejar un testimonio de lo que  he vivido para que la gente comprenda que todos podemos ser \u00e1ngeles o demonios  para los dem\u00e1s\u00bb, afirm\u00f3 Betancourt en una entrevista al peri\u00f3dico franc\u00e9s <em>Le  Journal du Dimanche<\/em>.<\/p>\n<p>&#13;<\/p>\n<h6> 2008-07-07 19:09:49 <\/h6>\n<p><!--\n<link rel=\"stylesheet\" href=\"css\/bootstrap.min.css\">\n\n\n<ul class=\"pagination\">\n\t    \n\t\n\n<li >\n\t<a href='?page_no=21268'>Previous<\/a>\n\t<\/li>\n\n\n       \n    \n\n<li><a href='?page_no=1'>1<\/a><\/li>\n\n\n\n<li><a href='?page_no=2'>2<\/a><\/li>\n\n\n\n<li><a>...<\/a><\/li>\n\n\n\n<li><a href='?page_no=21267'>21267<\/a><\/li>\n\n\n\n<li><a href='?page_no=21268'>21268<\/a><\/li>\n\n\n\n<li class='active'><a>21269<\/a><\/li>\n\n\n\n<li><a href='?page_no=21270'>21270<\/a><\/li>\n\n\n\n<li><a href='?page_no=21271'>21271<\/a><\/li>\n\n\n\n<li><a>...<\/a><\/li>\n\n\n\n<li><a href='?page_no=22522'>22522<\/a><\/li>\n\n\n\n<li><a href='?page_no=22523'>22523<\/a><\/li>\n\n    \n\t\n\n<li >\n\t<a href='?page_no=21270'>Next<\/a>\n\t<\/li>\n\n\n    \n\n<li><a href='?page_no=22523'>Last &rsaquo;&rsaquo;<\/a><\/li>\n\n<\/ul>\n\n\n--><br \/>\n<\/body><\/p>\n","protected":false},"excerpt":{"rendered":"<p>El rescate de Betancourt, en la gran pantalla&#13; &#13; El director colombiano Sim\u00f3n Brand ser\u00e1 el encargado de dirigir la pel\u00edcula que llevar\u00e1 a los cines la &#8216;Operaci\u00f3n Jaque&#8217; &#13; &#13; AGENCIAS &#8211; Bogot\u00e1 &#8211; 07\/07\/2008 &#13; Antes de libertar Ingrid Betancourt, los militares colombianos recibieron clases de teatro para no despertar sospechas entre los [&hellip;]<\/p>\n","protected":false},"author":3,"featured_media":0,"comment_status":"open","ping_status":"open","sticky":false,"template":"","format":"standard","meta":{"footnotes":""},"categories":[25],"tags":[],"class_list":["post-92647","post","type-post","status-publish","format-standard","hentry","category-gente"],"_links":{"self":[{"href":"https:\/\/diariodominicano.com\/index.php?rest_route=\/wp\/v2\/posts\/92647","targetHints":{"allow":["GET"]}}],"collection":[{"href":"https:\/\/diariodominicano.com\/index.php?rest_route=\/wp\/v2\/posts"}],"about":[{"href":"https:\/\/diariodominicano.com\/index.php?rest_route=\/wp\/v2\/types\/post"}],"author":[{"embeddable":true,"href":"https:\/\/diariodominicano.com\/index.php?rest_route=\/wp\/v2\/users\/3"}],"replies":[{"embeddable":true,"href":"https:\/\/diariodominicano.com\/index.php?rest_route=%2Fwp%2Fv2%2Fcomments&post=92647"}],"version-history":[{"count":0,"href":"https:\/\/diariodominicano.com\/index.php?rest_route=\/wp\/v2\/posts\/92647\/revisions"}],"wp:attachment":[{"href":"https:\/\/diariodominicano.com\/index.php?rest_route=%2Fwp%2Fv2%2Fmedia&parent=92647"}],"wp:term":[{"taxonomy":"category","embeddable":true,"href":"https:\/\/diariodominicano.com\/index.php?rest_route=%2Fwp%2Fv2%2Fcategories&post=92647"},{"taxonomy":"post_tag","embeddable":true,"href":"https:\/\/diariodominicano.com\/index.php?rest_route=%2Fwp%2Fv2%2Ftags&post=92647"}],"curies":[{"name":"wp","href":"https:\/\/api.w.org\/{rel}","templated":true}]}}