{"id":92646,"date":"2008-07-07T19:14:32","date_gmt":"2008-07-07T19:14:32","guid":{"rendered":"http:\/\/diariodominicano.ddns.net\/?p=92646"},"modified":"2008-07-07T19:14:32","modified_gmt":"2008-07-07T19:14:32","slug":"hallado-el-cura-volador","status":"publish","type":"post","link":"https:\/\/diariodominicano.com\/?p=92646","title":{"rendered":"\u00bfHallado el cura volador?"},"content":{"rendered":"<p><body><\/p>\n<p align=\"justify\"><strong class=\"titulogrande1\">\u00bfHallado el cura volador?<\/strong><br \/>&#13;<br \/>\n  <br \/>&#13;<br \/>\n    <span class=\"text1noticias\">Investigan si cuerpo encontrado en la costa brasile\u00f1a es el del sacerdote  que desapareci\u00f3 despu\u00e9s de despegar suspendido por 1.000 globos <br \/>&#13;<br \/>\n    <br \/>&#13;<br \/>\n    <strong>EFE<\/strong> &#8211; R\u00edo de Janeiro &#8211; 07\/07\/2008 <\/span><\/p>\n<p>&#13;<\/p>\n<p align=\"justify\" class=\"text1noticias\"><img loading=\"lazy\" decoding=\"async\" src=\"http:\/\/localhost:8080\/gente\/img\/cura volador.jpg\" width=\"375\" height=\"375\" hspace=\"4\" align=\"left\" \/>Un cuerpo encontrado a 100  kil\u00f3metros de la costa brasile\u00f1a puede ser el del sacerdote Adelir de Carli,  perdido desde el 20 de abril cuando efectuaba un vuelo con mil globos. La  descripci\u00f3n de las ropas coincide con la del cura desaparecido, pero el  resultado del examen de ADN que determinar\u00e1 la identidad tardar\u00e1 por lo menos  40 d\u00edas en conocerse.<br \/>&#13;<br \/>\n  <br \/>&#13;<br \/>\n  Los restos mortales fueron  encontrados por una embarcaci\u00f3n de la petrolera brasile\u00f1a Petrobras el pasado  viernes. El cuerpo, en estado de descomposici\u00f3n, fue hallado en la costa de  Maric\u00e1 (R\u00edo de Janeiro) y trasladado al Instituto de Medicina Legal, donde los  forenses estudian la identidad del fallecido. Los responsables de Petrobras  consideraron que se puede tratar del sacerdote desaparecido por la ropa que a\u00fan  vest\u00eda el cad\u00e1ver, que coincid\u00eda con la que llevaba De Carli el d\u00eda de su desaparici\u00f3n.  El sacerdote se perdi\u00f3 cuando emprend\u00eda un vuelo con la ayuda de un millar de  globos inflados con helio desde la ciudad de Paranagu\u00e1, en el sure\u00f1o estado de  Paran\u00e1, a unos 1.000 kil\u00f3metros del lugar donde fue encontrado el cuerpo que  est\u00e1 siendo analizado.<br \/>&#13;<br \/>\n  <br \/>&#13;<br \/>\n  El religioso pretend\u00eda volar, sin  ayuda de motor, hasta los municipios de Cascavel o Maring\u00e1, ciudades del  interior del estado cercanas a la frontera con Paraguay para dar a conocer una  protesta en favor de unos camioneros. <br \/>&#13;<br \/>\n  <br \/>&#13;<br \/>\n  No obstante, los fuertes vientos que  soplaban aquel d\u00eda en la zona lo desviaron de su ruta y lo empujaron mar  adentro.<br \/>&#13;<br \/>\n  <br \/>&#13;<br \/>\n  En su b\u00fasqueda participaron grupos  de rescate del cuerpo de bomberos y de la fuerza a\u00e9rea de Brasil, cuyos  helic\u00f3pteros no hallaron rastro del sacerdote. El \u00faltimo contacto que mantuvo  De Carli con tierra fue poco despu\u00e9s de desviarse de su ruta. Telefone\u00f3 a los  servicios de emergencia locales solicitando ayuda y pidiendo instrucciones para  utilizar un dispositivo de localizaci\u00f3n por GPS que llevaba consigo pero del  que desconoc\u00eda su funcionamiento. El sacerdote, de 42 a\u00f1os, era conocido en  Brasil por haber emprendido otros vuelos arriesgados con centenares de vistosos  globos de colores. En su \u00faltimo vuelo, De Carli trataba de superar su r\u00e9cord  personal de globos.<\/p>\n<p>&#13;<\/p>\n<h6> 2008-07-07 19:14:32 <\/h6>\n<p><!--\n<link rel=\"stylesheet\" href=\"css\/bootstrap.min.css\">\n\n\n<ul class=\"pagination\">\n\t    \n\t\n\n<li >\n\t<a href='?page_no=21267'>Previous<\/a>\n\t<\/li>\n\n\n       \n    \n\n<li><a href='?page_no=1'>1<\/a><\/li>\n\n\n\n<li><a href='?page_no=2'>2<\/a><\/li>\n\n\n\n<li><a>...<\/a><\/li>\n\n\n\n<li><a href='?page_no=21266'>21266<\/a><\/li>\n\n\n\n<li><a href='?page_no=21267'>21267<\/a><\/li>\n\n\n\n<li class='active'><a>21268<\/a><\/li>\n\n\n\n<li><a href='?page_no=21269'>21269<\/a><\/li>\n\n\n\n<li><a href='?page_no=21270'>21270<\/a><\/li>\n\n\n\n<li><a>...<\/a><\/li>\n\n\n\n<li><a href='?page_no=22522'>22522<\/a><\/li>\n\n\n\n<li><a href='?page_no=22523'>22523<\/a><\/li>\n\n    \n\t\n\n<li >\n\t<a href='?page_no=21269'>Next<\/a>\n\t<\/li>\n\n\n    \n\n<li><a href='?page_no=22523'>Last &rsaquo;&rsaquo;<\/a><\/li>\n\n<\/ul>\n\n\n--><br \/>\n<\/body><\/p>\n","protected":false},"excerpt":{"rendered":"<p>\u00bfHallado el cura volador?&#13; &#13; Investigan si cuerpo encontrado en la costa brasile\u00f1a es el del sacerdote que desapareci\u00f3 despu\u00e9s de despegar suspendido por 1.000 globos &#13; &#13; EFE &#8211; R\u00edo de Janeiro &#8211; 07\/07\/2008 &#13; Un cuerpo encontrado a 100 kil\u00f3metros de la costa brasile\u00f1a puede ser el del sacerdote Adelir de Carli, perdido [&hellip;]<\/p>\n","protected":false},"author":3,"featured_media":0,"comment_status":"open","ping_status":"open","sticky":false,"template":"","format":"standard","meta":{"footnotes":""},"categories":[25],"tags":[],"class_list":["post-92646","post","type-post","status-publish","format-standard","hentry","category-gente"],"_links":{"self":[{"href":"https:\/\/diariodominicano.com\/index.php?rest_route=\/wp\/v2\/posts\/92646","targetHints":{"allow":["GET"]}}],"collection":[{"href":"https:\/\/diariodominicano.com\/index.php?rest_route=\/wp\/v2\/posts"}],"about":[{"href":"https:\/\/diariodominicano.com\/index.php?rest_route=\/wp\/v2\/types\/post"}],"author":[{"embeddable":true,"href":"https:\/\/diariodominicano.com\/index.php?rest_route=\/wp\/v2\/users\/3"}],"replies":[{"embeddable":true,"href":"https:\/\/diariodominicano.com\/index.php?rest_route=%2Fwp%2Fv2%2Fcomments&post=92646"}],"version-history":[{"count":0,"href":"https:\/\/diariodominicano.com\/index.php?rest_route=\/wp\/v2\/posts\/92646\/revisions"}],"wp:attachment":[{"href":"https:\/\/diariodominicano.com\/index.php?rest_route=%2Fwp%2Fv2%2Fmedia&parent=92646"}],"wp:term":[{"taxonomy":"category","embeddable":true,"href":"https:\/\/diariodominicano.com\/index.php?rest_route=%2Fwp%2Fv2%2Fcategories&post=92646"},{"taxonomy":"post_tag","embeddable":true,"href":"https:\/\/diariodominicano.com\/index.php?rest_route=%2Fwp%2Fv2%2Ftags&post=92646"}],"curies":[{"name":"wp","href":"https:\/\/api.w.org\/{rel}","templated":true}]}}