{"id":92645,"date":"2008-07-07T19:19:16","date_gmt":"2008-07-07T19:19:16","guid":{"rendered":"http:\/\/diariodominicano.ddns.net\/?p=92645"},"modified":"2008-07-07T19:19:16","modified_gmt":"2008-07-07T19:19:16","slug":"el-verano-es-mas-divertido-en-acropolis-center","status":"publish","type":"post","link":"https:\/\/diariodominicano.com\/?p=92645","title":{"rendered":"El verano es m\u00e1s divertido en Acr\u00f3polis Center"},"content":{"rendered":"<p><body><\/p>\n<p align=\"justify\"><span class=\"titulogrande1\"><strong>El  verano es m\u00e1s divertido en Acr\u00f3polis Center<\/strong>\u00a0<\/span><br \/>&#13;<br \/>\n  <br \/>&#13;<br \/>\n    <span class=\"text1noticias\"><strong><img loading=\"lazy\" decoding=\"async\" src=\"http:\/\/localhost:8080\/gente\/img\/verano hi5.jpg\" width=\"375\" height=\"1250\" hspace=\"4\" align=\"left\" \/>Santo Domingo, DN.- <\/strong>Acr\u00f3polis Center y Bonchecitos S.A.\u00a0 ofrecieron  un c\u00f3ctel en el Atrio Central de la plaza para dar a conocer las actividades  familiares que realizar\u00e1n durante este verano en sus instalaciones.\u00a0<br \/>&#13;<br \/>\n    <br \/>&#13;<br \/>\n    Esta temporada titulada \u2018Vacaciones  Divertidas\u201d presentar\u00e1n nuevos cambios, que consistir\u00e1n en dos grandes bloques  tem\u00e1ticos. Para todo el mes de de Julio las actividades ser\u00e1n alusivas al  verano con: talleres de manualidades, cocina divertida, pintura, talleres  musicales, shows de animaci\u00f3n y sorteo de regalos de los patrocinadores;  mientras que el mes de agosto se dedicar\u00e1 a motivar el regreso a clases con:  elaboraci\u00f3n de meriendas saludables, charlas, concursos y un desfile de modas  llamado Fashion School con las tendencias de temporada para los ni\u00f1os.<br \/>&#13;<br \/>\n    <br \/>&#13;<br \/>\n    Las palabras de bienvenida del evento  estuvieron a cargo de la   Lic. Patricia Peguero, Gerente de Mercadeo de Acr\u00f3polis  Center quien expres\u00f3: \u00a8Nos sentimos muy complacidos de esta gran alianza que ha  mantenido la plaza con la empresa Bonchecitos durante a\u00f1os. A trav\u00e9s de la  misma, Acr\u00f3polis Center se ha convertido en el lugar preferido por la familia  dominicana para pasar las tardes de verano, brind\u00e1ndoles a sus visitantes una  gran variedad de actividades originales, seguras y divertidas\u00a8.\u00a0<br \/>&#13;<br \/>\n    <br \/>&#13;<br \/>\n  Estas palabras fueron seguidas por Alby  Crespo<strong>,<\/strong> presidenta de Bonchecitos S.A., quien expres\u00f3 su satisfacci\u00f3n  por el apoyo brindado por los patrocinadores y las familias\u00a0 que  acuden\u00a0 a tales actividades. \u201cEstamos altamente agradecidos por el apoyo  que siempre recibimos de los ejecutivos de la plaza, los patrocinadores y los  padres que constantemente valoran nuestros esfuerzos por llevarle sana  diversi\u00f3n a sus ni\u00f1os en el mejor centro comercial de la ciudad\u201d.\u00a0<br \/>&#13;<br \/>\n  <br \/>&#13;<br \/>\n  Las Vacaciones Divertidas contar\u00e1n con el  apoyo de Pa\u00f1ales Huggies, Jugos Rica, Cookers &amp; Friends, Do Re Mi y Coca  Cola Zero.<br \/>&#13;<br \/>\n  <br \/>&#13;<br \/>\nEn el evento estuvieron los principales  ejecutivos de Acr\u00f3polis Center y Bonchecitos as\u00ed como ni\u00f1os, clientes e  invitados especiales quienes disfrutaron de un Show de Animaci\u00f3n de Hi 5.\u00a0<\/span><\/p>\n<p>&#13;<\/p>\n<div align=\"justify\" class=\"text1noticias\"> El calendario de actividades estar\u00e1 publicado en www.acropolisdr.com<\/div>\n<p>&#13;<\/p>\n<h6> 2008-07-07 19:19:16 <\/h6>\n<p><!--\n<link rel=\"stylesheet\" href=\"css\/bootstrap.min.css\">\n\n\n<ul class=\"pagination\">\n\t    \n\t\n\n<li >\n\t<a href='?page_no=21266'>Previous<\/a>\n\t<\/li>\n\n\n       \n    \n\n<li><a href='?page_no=1'>1<\/a><\/li>\n\n\n\n<li><a href='?page_no=2'>2<\/a><\/li>\n\n\n\n<li><a>...<\/a><\/li>\n\n\n\n<li><a href='?page_no=21265'>21265<\/a><\/li>\n\n\n\n<li><a href='?page_no=21266'>21266<\/a><\/li>\n\n\n\n<li class='active'><a>21267<\/a><\/li>\n\n\n\n<li><a href='?page_no=21268'>21268<\/a><\/li>\n\n\n\n<li><a href='?page_no=21269'>21269<\/a><\/li>\n\n\n\n<li><a>...<\/a><\/li>\n\n\n\n<li><a href='?page_no=22522'>22522<\/a><\/li>\n\n\n\n<li><a href='?page_no=22523'>22523<\/a><\/li>\n\n    \n\t\n\n<li >\n\t<a href='?page_no=21268'>Next<\/a>\n\t<\/li>\n\n\n    \n\n<li><a href='?page_no=22523'>Last &rsaquo;&rsaquo;<\/a><\/li>\n\n<\/ul>\n\n\n--><br \/>\n<\/body><\/p>\n","protected":false},"excerpt":{"rendered":"<p>El verano es m\u00e1s divertido en Acr\u00f3polis Center\u00a0&#13; &#13; Santo Domingo, DN.- Acr\u00f3polis Center y Bonchecitos S.A.\u00a0 ofrecieron un c\u00f3ctel en el Atrio Central de la plaza para dar a conocer las actividades familiares que realizar\u00e1n durante este verano en sus instalaciones.\u00a0&#13; &#13; Esta temporada titulada \u2018Vacaciones Divertidas\u201d presentar\u00e1n nuevos cambios, que consistir\u00e1n en dos [&hellip;]<\/p>\n","protected":false},"author":3,"featured_media":0,"comment_status":"open","ping_status":"open","sticky":false,"template":"","format":"standard","meta":{"footnotes":""},"categories":[25],"tags":[],"class_list":["post-92645","post","type-post","status-publish","format-standard","hentry","category-gente"],"_links":{"self":[{"href":"https:\/\/diariodominicano.com\/index.php?rest_route=\/wp\/v2\/posts\/92645","targetHints":{"allow":["GET"]}}],"collection":[{"href":"https:\/\/diariodominicano.com\/index.php?rest_route=\/wp\/v2\/posts"}],"about":[{"href":"https:\/\/diariodominicano.com\/index.php?rest_route=\/wp\/v2\/types\/post"}],"author":[{"embeddable":true,"href":"https:\/\/diariodominicano.com\/index.php?rest_route=\/wp\/v2\/users\/3"}],"replies":[{"embeddable":true,"href":"https:\/\/diariodominicano.com\/index.php?rest_route=%2Fwp%2Fv2%2Fcomments&post=92645"}],"version-history":[{"count":0,"href":"https:\/\/diariodominicano.com\/index.php?rest_route=\/wp\/v2\/posts\/92645\/revisions"}],"wp:attachment":[{"href":"https:\/\/diariodominicano.com\/index.php?rest_route=%2Fwp%2Fv2%2Fmedia&parent=92645"}],"wp:term":[{"taxonomy":"category","embeddable":true,"href":"https:\/\/diariodominicano.com\/index.php?rest_route=%2Fwp%2Fv2%2Fcategories&post=92645"},{"taxonomy":"post_tag","embeddable":true,"href":"https:\/\/diariodominicano.com\/index.php?rest_route=%2Fwp%2Fv2%2Ftags&post=92645"}],"curies":[{"name":"wp","href":"https:\/\/api.w.org\/{rel}","templated":true}]}}