{"id":92641,"date":"2008-07-07T23:55:34","date_gmt":"2008-07-07T23:55:34","guid":{"rendered":"http:\/\/diariodominicano.ddns.net\/?p=92641"},"modified":"2008-07-07T23:55:34","modified_gmt":"2008-07-07T23:55:34","slug":"nuevo-talento-bachatero-emerge-en-el-medio-artistico","status":"publish","type":"post","link":"https:\/\/diariodominicano.com\/?p=92641","title":{"rendered":"Nuevo talento bachatero emerge en el medio art\u00edstico"},"content":{"rendered":"<p><body><\/p>\n<p class=\"titulogrande1\">Nuevo  talento bachatero emerge en el medio art\u00edstico<\/p>\n<p>&#13;<\/p>\n<p align=\"justify\"><span class=\"text1noticias\"><strong><img loading=\"lazy\" decoding=\"async\" src=\"http:\/\/localhost:8080\/gente\/img\/bachatero.jpg\" width=\"375\" height=\"1139\" hspace=\"4\" align=\"left\" \/>Rep Dom.-<\/strong> Una nueva estrella\u00a0la bachata emerge al medio art\u00edstico con deseo de que  su m\u00fasica y voz pueda llegar a todo el p\u00fablico que gusta de este tipo de ritmo  y poderse colocar en una posici\u00f3n importante en el coraz\u00f3n de la gente. <\/span><\/p>\n<p>&#13;<\/p>\n<p align=\"justify\" class=\"text1noticias\">Se  trata de Junior Rodr\u00edguez, un joven oriundo de Tamboril, quien ya ha lanzado al  mercado discogr\u00e1fico su m\u00e1s reciente producci\u00f3n titulada \u00abSolo  recuerdo\u00bb que contiene 10 temas al ritmo de bachata, de los cuales 5 temas  son de su autor\u00eda propia, entre los que llevan por nombre \u00abSolo  recuerdo\u00bb, \u00abNo queda nada\u00bb, El cambio fue para perder\u00bb,  entre otros. <\/p>\n<p>&#13;<\/p>\n<p align=\"justify\" class=\"text1noticias\">El  artista tiene su agrupaci\u00f3n de bachata conformada desde hace varios a\u00f1os, la  cual ha realizado presentaciones por diversos puntos del pa\u00eds, logrando  granjearse el apoyo del p\u00fablico que asiste a los bailes que ameniza. <\/p>\n<p>&#13;<\/p>\n<p align=\"justify\" class=\"text1noticias\">En la  actualidad su principal meta es lograr viajar a diferentes partes del mundo y  dar a conocer su producto, por lo que se realizan contactos en diferentes  partes del exterior\u00a0en la\u00a0planificando de\u00a0varias giras  internacionales. <\/p>\n<p>&#13;<\/p>\n<p align=\"justify\" class=\"text1noticias\">Junior  Rodr\u00edguez, inform\u00f3 que se est\u00e1n dando los toque finales con el prop\u00f3sito de  llevar a la radio nacional su nueva producci\u00f3n la que ser\u00e1 puesta a  consideraci\u00f3n del p\u00fablico que de seguro aceptar\u00e1, por la gran calidad en que la  misma ha sido elaborada. <\/p>\n<p>&#13;<\/p>\n<h6> 2008-07-07 23:55:34 <\/h6>\n<p><!--\n<link rel=\"stylesheet\" href=\"css\/bootstrap.min.css\">\n\n\n<ul class=\"pagination\">\n\t    \n\t\n\n<li >\n\t<a href='?page_no=21262'>Previous<\/a>\n\t<\/li>\n\n\n       \n    \n\n<li><a href='?page_no=1'>1<\/a><\/li>\n\n\n\n<li><a href='?page_no=2'>2<\/a><\/li>\n\n\n\n<li><a>...<\/a><\/li>\n\n\n\n<li><a href='?page_no=21261'>21261<\/a><\/li>\n\n\n\n<li><a href='?page_no=21262'>21262<\/a><\/li>\n\n\n\n<li class='active'><a>21263<\/a><\/li>\n\n\n\n<li><a href='?page_no=21264'>21264<\/a><\/li>\n\n\n\n<li><a href='?page_no=21265'>21265<\/a><\/li>\n\n\n\n<li><a>...<\/a><\/li>\n\n\n\n<li><a href='?page_no=22522'>22522<\/a><\/li>\n\n\n\n<li><a href='?page_no=22523'>22523<\/a><\/li>\n\n    \n\t\n\n<li >\n\t<a href='?page_no=21264'>Next<\/a>\n\t<\/li>\n\n\n    \n\n<li><a href='?page_no=22523'>Last &rsaquo;&rsaquo;<\/a><\/li>\n\n<\/ul>\n\n\n--><br \/>\n<\/body><\/p>\n","protected":false},"excerpt":{"rendered":"<p>Nuevo talento bachatero emerge en el medio art\u00edstico &#13; Rep Dom.- Una nueva estrella\u00a0la bachata emerge al medio art\u00edstico con deseo de que su m\u00fasica y voz pueda llegar a todo el p\u00fablico que gusta de este tipo de ritmo y poderse colocar en una posici\u00f3n importante en el coraz\u00f3n de la gente. &#13; Se [&hellip;]<\/p>\n","protected":false},"author":3,"featured_media":0,"comment_status":"open","ping_status":"open","sticky":false,"template":"","format":"standard","meta":{"footnotes":""},"categories":[25],"tags":[],"class_list":["post-92641","post","type-post","status-publish","format-standard","hentry","category-gente"],"_links":{"self":[{"href":"https:\/\/diariodominicano.com\/index.php?rest_route=\/wp\/v2\/posts\/92641","targetHints":{"allow":["GET"]}}],"collection":[{"href":"https:\/\/diariodominicano.com\/index.php?rest_route=\/wp\/v2\/posts"}],"about":[{"href":"https:\/\/diariodominicano.com\/index.php?rest_route=\/wp\/v2\/types\/post"}],"author":[{"embeddable":true,"href":"https:\/\/diariodominicano.com\/index.php?rest_route=\/wp\/v2\/users\/3"}],"replies":[{"embeddable":true,"href":"https:\/\/diariodominicano.com\/index.php?rest_route=%2Fwp%2Fv2%2Fcomments&post=92641"}],"version-history":[{"count":0,"href":"https:\/\/diariodominicano.com\/index.php?rest_route=\/wp\/v2\/posts\/92641\/revisions"}],"wp:attachment":[{"href":"https:\/\/diariodominicano.com\/index.php?rest_route=%2Fwp%2Fv2%2Fmedia&parent=92641"}],"wp:term":[{"taxonomy":"category","embeddable":true,"href":"https:\/\/diariodominicano.com\/index.php?rest_route=%2Fwp%2Fv2%2Fcategories&post=92641"},{"taxonomy":"post_tag","embeddable":true,"href":"https:\/\/diariodominicano.com\/index.php?rest_route=%2Fwp%2Fv2%2Ftags&post=92641"}],"curies":[{"name":"wp","href":"https:\/\/api.w.org\/{rel}","templated":true}]}}