{"id":92640,"date":"2008-07-08T02:54:04","date_gmt":"2008-07-08T02:54:04","guid":{"rendered":"http:\/\/diariodominicano.ddns.net\/?p=92640"},"modified":"2008-07-08T02:54:04","modified_gmt":"2008-07-08T02:54:04","slug":"el-glamour-la-belleza-y-la-solidaridad-se-dan-la-mano-en-gala-por-una-causa","status":"publish","type":"post","link":"https:\/\/diariodominicano.com\/?p=92640","title":{"rendered":"El Glamour la Belleza y la Solidaridad se dan la mano en \u201cGala por una Causa\u201d"},"content":{"rendered":"<p><body><\/p>\n<p align=\"justify\"><span class=\"titulogrande1\">El Glamour  la Belleza y la Solidaridad se dan la mano en \u201cGala por una Causa\u201d<\/span><br \/>&#13;<br \/>\n  \u00a0 <br \/>&#13;<br \/>\n  <strong>Por: <\/strong><span class=\"textogrande\">Nery  Est\u00e9vez<\/span><br \/>&#13;<br \/>\n  \u00a0\u00a0\u00a0\u00a0\u00a0 <br \/>&#13;<br \/>\n   <span class=\"text1noticias\"><strong><img loading=\"lazy\" decoding=\"async\" src=\"http:\/\/localhost:8080\/gente\/img\/aet.jpg\" width=\"375\" height=\"820\" hspace=\"4\" align=\"left\" \/>Miami FL.-<\/strong> La solidaridad y el amor a  los ni\u00f1os en circunstancias especialmente dif\u00edcil, fue evidenciado por el apoyo  rotundo\u00a0 que recibi\u00f3\u00a0 la \u00bb Gala por una causa\u00bb, actividad  iniciativa del Consulado General de la Rep\u00fablica Dominicana en La Florida,  representado por el Lic. Manuel Alm\u00e1nzar y Sra.,\u00a0 donde se conjugaron la m\u00fasica, la moda y  sobre todo\u2026\u2026el amor, \u00a0para dar como  resultado un gran evento.<br \/>&#13;<br \/>\n   <br \/>&#13;<br \/>\n   Fueron muchas las personas e instituciones las que se solidarizaron e  hicieron suya esta iniciativa\u00a0 para  recaudar fondos para los ni\u00f1os de la calle, labor que preside la primera dama  de la Rep\u00fablica dominicana, Dra. Margarita Cede\u00f1o de Fern\u00e1ndez, la cual mostr\u00f3  su agradecimiento y felicidad por el apoyo y la buena disposici\u00f3n de sus amigos  de La Florida. <br \/>&#13;<br \/>\n<br \/>&#13;<br \/>\nLa  actividad dio inicio con un desfile de moda, donde los dise\u00f1adores Nicol\u00e1s  Felizola, Rafael Cennamo, Luca Luca, Michelle Selman, Hanna K, e Isabel Reynoso  presentaron sus pr\u00f3ximas colecciones, predominando en sus modelos \u00a0el buen gusto y la elegancia de lo sencillo  con clase. Tita Hasb\u00fan, hizo gala del dominio esc\u00e9nico que le han dado a\u00f1os de  experiencia en este quehacer profesional y realiz\u00f3 un impecable trabajo de  maestr\u00eda de ceremonias, mientras desfilaban las modelos por la pasarela.<br \/>&#13;<br \/>\n<br \/>&#13;<br \/>\n Adem\u00e1s de la moda\u2026\u2026estuvo presente la m\u00fasica\u00a0 en diferentes expresiones y g\u00e9neros, pero con  un denominador com\u00fan: La calidad de sus int\u00e9rpretes, encabezada por\u00a0 Jos\u00e9 Luis Rodr\u00edguez,\u00a0 \u201cEl Puma\u00bb; Watson Brazoban, Erika Ender, y\u00a0 Fernando Villalona, \u201cEl Mayimbe\u201d, quien puso  a bailar a todos los presentes. Los \u00a0presentadores de esta parte \u00a0del evento fueron Julio Sabala y Laura de la  Nuez.<br \/>&#13;<br \/>\n<br \/>&#13;<br \/>\nCharytin  Goico, quien fue la madrina del evento, acompa\u00f1ada de su esposo Don Elin Ortiz,  estuvo dando su apoyo y entusiasmo, as\u00ed como,\u00a0  su compa\u00f1era de \u00abEsc\u00e1ndalo T.V.\u00bb \u00a0la mexicana Maritza del portillo,. Otros  distinguidos asistentes lo fueron Jos\u00e9 Jos\u00e9 y su esposa Sarita as\u00ed como, la presentadora de \u201cPrimer Impacto\u201d B\u00e1rbara  Bermudo y su prometido\u00a0 Mario Andr\u00e9s  Moreno.<br \/>&#13;<br \/>\n<br \/>&#13;<br \/>\n Otras distinguidas personalidades que dijeron presente en este\u00a0 Milagro de Amor, lo fueron Cynthia Olavaria,  Ex \u2013 Miss\u00a0 Universo, la cantante y actriz  Patricia Manterota, la cual cerr\u00f3 el desfile con un bello traje de novia de  Nicolas Felizola. De igual manera, estuvieron presentes las finalistas de  nuestra belleza latina, la dominicana Zoila Cevallos, y las cubanas Elizabeth L\u00f3pez  y Dayami Padr\u00f3n, los actores Juan Vidal, Carolina Tejera.<br \/>&#13;<br \/>\n<br \/>&#13;<br \/>\nFueron muchos y muchas los\u00a0  miembros de la comunidad de La Florida que dijeron presente en este acto  de solidaridad con los m\u00e1s vulnerables de nuestra sociedad : los ni\u00f1os de la  calle. Entre otros, el se\u00f1or Germ\u00e1n Echavarr\u00eda Sra. Alexia Echavarria, la familia  Le\u00f3n, de \u00abLeon Medical Center; el Sr. Oscar Haza y Sra., as\u00ed como \u00a0el empresario George Nader, entre otros.<br \/>&#13;<br \/>\n<br \/>&#13;<br \/>\n El Consulado  Dominicano\u00a0 en La Florida y todos\u00a0 y todas los involucrados en esta actividad,  pueden sentir la satisfacci\u00f3n del deber cumplido y de haber mostrado  que\u2026\u2026.cuando se quiere se puede y\u00a0 que el  glamour, la elegancia y la belleza, pueden ir de la mano y hacerse c\u00f3mplices  POR UNA BUENA CAUSA. <\/span><\/p>\n<p>&#13;<\/p>\n<h6> 2008-07-08 02:54:04 <\/h6>\n<p><!--\n<link rel=\"stylesheet\" href=\"css\/bootstrap.min.css\">\n\n\n<ul class=\"pagination\">\n\t    \n\t\n\n<li >\n\t<a href='?page_no=21261'>Previous<\/a>\n\t<\/li>\n\n\n       \n    \n\n<li><a href='?page_no=1'>1<\/a><\/li>\n\n\n\n<li><a href='?page_no=2'>2<\/a><\/li>\n\n\n\n<li><a>...<\/a><\/li>\n\n\n\n<li><a href='?page_no=21260'>21260<\/a><\/li>\n\n\n\n<li><a href='?page_no=21261'>21261<\/a><\/li>\n\n\n\n<li class='active'><a>21262<\/a><\/li>\n\n\n\n<li><a href='?page_no=21263'>21263<\/a><\/li>\n\n\n\n<li><a href='?page_no=21264'>21264<\/a><\/li>\n\n\n\n<li><a>...<\/a><\/li>\n\n\n\n<li><a href='?page_no=22522'>22522<\/a><\/li>\n\n\n\n<li><a href='?page_no=22523'>22523<\/a><\/li>\n\n    \n\t\n\n<li >\n\t<a href='?page_no=21263'>Next<\/a>\n\t<\/li>\n\n\n    \n\n<li><a href='?page_no=22523'>Last &rsaquo;&rsaquo;<\/a><\/li>\n\n<\/ul>\n\n\n--><br \/>\n<\/body><\/p>\n","protected":false},"excerpt":{"rendered":"<p>El Glamour la Belleza y la Solidaridad se dan la mano en \u201cGala por una Causa\u201d&#13; \u00a0 &#13; Por: Nery Est\u00e9vez&#13; \u00a0\u00a0\u00a0\u00a0\u00a0 &#13; Miami FL.- La solidaridad y el amor a los ni\u00f1os en circunstancias especialmente dif\u00edcil, fue evidenciado por el apoyo rotundo\u00a0 que recibi\u00f3\u00a0 la \u00bb Gala por una causa\u00bb, actividad iniciativa del Consulado [&hellip;]<\/p>\n","protected":false},"author":3,"featured_media":0,"comment_status":"open","ping_status":"open","sticky":false,"template":"","format":"standard","meta":{"footnotes":""},"categories":[25],"tags":[],"class_list":["post-92640","post","type-post","status-publish","format-standard","hentry","category-gente"],"_links":{"self":[{"href":"https:\/\/diariodominicano.com\/index.php?rest_route=\/wp\/v2\/posts\/92640","targetHints":{"allow":["GET"]}}],"collection":[{"href":"https:\/\/diariodominicano.com\/index.php?rest_route=\/wp\/v2\/posts"}],"about":[{"href":"https:\/\/diariodominicano.com\/index.php?rest_route=\/wp\/v2\/types\/post"}],"author":[{"embeddable":true,"href":"https:\/\/diariodominicano.com\/index.php?rest_route=\/wp\/v2\/users\/3"}],"replies":[{"embeddable":true,"href":"https:\/\/diariodominicano.com\/index.php?rest_route=%2Fwp%2Fv2%2Fcomments&post=92640"}],"version-history":[{"count":0,"href":"https:\/\/diariodominicano.com\/index.php?rest_route=\/wp\/v2\/posts\/92640\/revisions"}],"wp:attachment":[{"href":"https:\/\/diariodominicano.com\/index.php?rest_route=%2Fwp%2Fv2%2Fmedia&parent=92640"}],"wp:term":[{"taxonomy":"category","embeddable":true,"href":"https:\/\/diariodominicano.com\/index.php?rest_route=%2Fwp%2Fv2%2Fcategories&post=92640"},{"taxonomy":"post_tag","embeddable":true,"href":"https:\/\/diariodominicano.com\/index.php?rest_route=%2Fwp%2Fv2%2Ftags&post=92640"}],"curies":[{"name":"wp","href":"https:\/\/api.w.org\/{rel}","templated":true}]}}