{"id":92638,"date":"2008-07-08T20:41:18","date_gmt":"2008-07-08T20:41:18","guid":{"rendered":"http:\/\/diariodominicano.ddns.net\/?p=92638"},"modified":"2008-07-08T20:41:18","modified_gmt":"2008-07-08T20:41:18","slug":"paz-y-amor-en-el-cumpleanos-de-ringo-starr","status":"publish","type":"post","link":"https:\/\/diariodominicano.com\/?p=92638","title":{"rendered":"Paz y amor en el cumplea\u00f1os de Ringo Starr"},"content":{"rendered":"<p><body><\/p>\n<p align=\"justify\"><strong class=\"titulogrande1\">Paz y amor en el cumplea\u00f1os de Ringo Starr<\/strong><br \/>&#13;<br \/>\n  <br \/>&#13;<br \/>\n    <span class=\"text1noticias\">El ex Beatle se cita con sus fans en Chicago para festejar su 68  aniversario <br \/>&#13;<br \/>\n    <br \/>&#13;<br \/>\n    <strong>REUTERS<\/strong> &#8211; Chicago (Estados Unidos) &#8211; 08\/07\/2008 <\/span><\/p>\n<p>&#13;<\/p>\n<p align=\"justify\" class=\"text1noticias\"><img loading=\"lazy\" decoding=\"async\" src=\"http:\/\/localhost:8080\/gente\/img\/cumpleanos ringo.jpg\" width=\"375\" height=\"375\" hspace=\"4\" align=\"left\" \/>Ringo Starr quiso celebrar ayer su  68 cumplea\u00f1os acompa\u00f1ado de sus fans. Los convoc\u00f3 mediante su p\u00e1gina web frente  al Hotel Hard Rock de Chicago. All\u00ed les obsequi\u00f3 con un pedazo de tarta y les  pidi\u00f3 que hicieran el signo de la paz, con el objetivo de celebrar una fiesta  de \u00abpaz y amor\u00bb. El evento, escasamente anunciado, reuni\u00f3 a unas 200  personas.<br \/>&#13;<br \/>\n  <br \/>&#13;<br \/>\n  \u00ab\u00bfQu\u00e9 podr\u00eda ir mal? Paz y  amor. \u00a1Qu\u00e9 gran regalo de cumplea\u00f1os!\u00bb, dijo el ex Beatle, ayer ante sus  seguidores. <br \/>&#13;<br \/>\n<br \/>&#13;<br \/>\n\u00abEsto es un acontecimiento\u00bb, a\u00f1adi\u00f3.<br \/>&#13;<br \/>\n<br \/>&#13;<br \/>\nAlgunos admiradores consiguieron  acercarse lo suficiente como para ver a Starr, vestido de negro, con gafas  moradas, y acompa\u00f1ado de su esposa Barbara. Otros lograron hacerse con uno o  dos trozos de la tarta de cumplea\u00f1os, que el hotel reparti\u00f3 cuando el m\u00fasico  volvi\u00f3 a entrar en el edificio.<br \/>&#13;<br \/>\n<br \/>&#13;<br \/>\n\u00abLo vi en el peri\u00f3dico, sal\u00ed  de la casa de mi hermana y vine hasta aqu\u00ed\u00bb, cont\u00f3 Joyce McDaniels, que  hab\u00eda viajado hasta Chicago desde Winton, California. \u00abHe visto a un  Beatle. \u00a1Eso era todo lo que necesitaba!\u00bb, exclam\u00f3.<br \/>&#13;<br \/>\n<br \/>&#13;<br \/>\nStarr, que se encuentra en medio  de una gira de conciertos por Estados Unidos, anunci\u00f3 el evento en su p\u00e1gina  web. All\u00ed tambi\u00e9n explic\u00f3 que, como regalo de cumplea\u00f1os, su \u00fanico deseo era:  \u00abS\u00f3lo m\u00e1s paz y amor\u00bb.<\/p>\n<p>&#13;<\/p>\n<h6> 2008-07-08 20:41:18 <\/h6>\n<p><!--\n<link rel=\"stylesheet\" href=\"css\/bootstrap.min.css\">\n\n\n<ul class=\"pagination\">\n\t    \n\t\n\n<li >\n\t<a href='?page_no=21259'>Previous<\/a>\n\t<\/li>\n\n\n       \n    \n\n<li><a href='?page_no=1'>1<\/a><\/li>\n\n\n\n<li><a href='?page_no=2'>2<\/a><\/li>\n\n\n\n<li><a>...<\/a><\/li>\n\n\n\n<li><a href='?page_no=21258'>21258<\/a><\/li>\n\n\n\n<li><a href='?page_no=21259'>21259<\/a><\/li>\n\n\n\n<li class='active'><a>21260<\/a><\/li>\n\n\n\n<li><a href='?page_no=21261'>21261<\/a><\/li>\n\n\n\n<li><a href='?page_no=21262'>21262<\/a><\/li>\n\n\n\n<li><a>...<\/a><\/li>\n\n\n\n<li><a href='?page_no=22522'>22522<\/a><\/li>\n\n\n\n<li><a href='?page_no=22523'>22523<\/a><\/li>\n\n    \n\t\n\n<li >\n\t<a href='?page_no=21261'>Next<\/a>\n\t<\/li>\n\n\n    \n\n<li><a href='?page_no=22523'>Last &rsaquo;&rsaquo;<\/a><\/li>\n\n<\/ul>\n\n\n--><br \/>\n<\/body><\/p>\n","protected":false},"excerpt":{"rendered":"<p>Paz y amor en el cumplea\u00f1os de Ringo Starr&#13; &#13; El ex Beatle se cita con sus fans en Chicago para festejar su 68 aniversario &#13; &#13; REUTERS &#8211; Chicago (Estados Unidos) &#8211; 08\/07\/2008 &#13; Ringo Starr quiso celebrar ayer su 68 cumplea\u00f1os acompa\u00f1ado de sus fans. Los convoc\u00f3 mediante su p\u00e1gina web frente al [&hellip;]<\/p>\n","protected":false},"author":3,"featured_media":0,"comment_status":"open","ping_status":"open","sticky":false,"template":"","format":"standard","meta":{"footnotes":""},"categories":[25],"tags":[],"class_list":["post-92638","post","type-post","status-publish","format-standard","hentry","category-gente"],"_links":{"self":[{"href":"https:\/\/diariodominicano.com\/index.php?rest_route=\/wp\/v2\/posts\/92638","targetHints":{"allow":["GET"]}}],"collection":[{"href":"https:\/\/diariodominicano.com\/index.php?rest_route=\/wp\/v2\/posts"}],"about":[{"href":"https:\/\/diariodominicano.com\/index.php?rest_route=\/wp\/v2\/types\/post"}],"author":[{"embeddable":true,"href":"https:\/\/diariodominicano.com\/index.php?rest_route=\/wp\/v2\/users\/3"}],"replies":[{"embeddable":true,"href":"https:\/\/diariodominicano.com\/index.php?rest_route=%2Fwp%2Fv2%2Fcomments&post=92638"}],"version-history":[{"count":0,"href":"https:\/\/diariodominicano.com\/index.php?rest_route=\/wp\/v2\/posts\/92638\/revisions"}],"wp:attachment":[{"href":"https:\/\/diariodominicano.com\/index.php?rest_route=%2Fwp%2Fv2%2Fmedia&parent=92638"}],"wp:term":[{"taxonomy":"category","embeddable":true,"href":"https:\/\/diariodominicano.com\/index.php?rest_route=%2Fwp%2Fv2%2Fcategories&post=92638"},{"taxonomy":"post_tag","embeddable":true,"href":"https:\/\/diariodominicano.com\/index.php?rest_route=%2Fwp%2Fv2%2Ftags&post=92638"}],"curies":[{"name":"wp","href":"https:\/\/api.w.org\/{rel}","templated":true}]}}