{"id":92635,"date":"2008-07-09T00:52:00","date_gmt":"2008-07-09T00:52:00","guid":{"rendered":"http:\/\/diariodominicano.ddns.net\/?p=92635"},"modified":"2008-07-09T00:52:00","modified_gmt":"2008-07-09T00:52:00","slug":"luis-miguel-espera-segundo-hijo-con-aracelys-arambula","status":"publish","type":"post","link":"https:\/\/diariodominicano.com\/?p=92635","title":{"rendered":"Luis Miguel espera segundo hijo con Aracelys Ar\u00e1mbula"},"content":{"rendered":"<p><body><\/p>\n<p class=\"titulogrande1\"><strong>Luis Miguel espera segundo hijo con Aracelys Ar\u00e1mbula<\/strong><\/p>\n<p>&#13;<\/p>\n<p align=\"justify\" class=\"text1noticias\"><strong>M\u00c9XICO.- <\/strong>El cantante mexicano Luis Miguel espera su segundo  hijo con Aracely Ar\u00e1mbula, adelant\u00f3 hoy a la revista \u00a1Hola!, que ma\u00f1ana publicar\u00e1 una  exclusiva sobre el asunto.<br \/>&#13;<br \/>\n  <br \/>&#13;<br \/>\n  Luis Miguel y la tambi\u00e9n mexicana Ar\u00e1mbula,  cuya posible ruptura ha sido materia de especulaci\u00f3n para la prensa, aparecen  en la portada de la revista junto a su primer hijo, Miguel, de un a\u00f1o y medio.<br \/>&#13;<br \/>\n  <br \/>&#13;<br \/>\n  El cantante, que present\u00f3 su disco  \u00abC\u00f3mplices\u00bb en abril, ha eludido en todo momento hacer declaraciones  sobre el estado de su relaci\u00f3n con la actriz.<br \/>&#13;<br \/>\n  <br \/>&#13;<br \/>\n  Luis Miguel es, fuera de los momentos de  promoci\u00f3n de su trabajo, una cara que se muestra poco en prensa a pesar del  acoso al que lo someten los \u00abpaparazzi\u00bb.<br \/>&#13;<br \/>\n  <br \/>&#13;<br \/>\n  Unos dos meses despu\u00e9s del nacimiento del  peque\u00f1o Miguel, el 1 de enero de 2008, la pareja concedi\u00f3 una exclusiva al  \u00a1Hola! en la que hablaban de su vida com\u00fan, y el artista contaba las  experiencias de su reci\u00e9n estrenada paternidad.<\/p>\n<p>&#13;<\/p>\n<h6> 2008-07-09 00:52:00 <\/h6>\n<p><!--\n<link rel=\"stylesheet\" href=\"css\/bootstrap.min.css\">\n\n\n<ul class=\"pagination\">\n\t    \n\t\n\n<li >\n\t<a href='?page_no=21256'>Previous<\/a>\n\t<\/li>\n\n\n       \n    \n\n<li><a href='?page_no=1'>1<\/a><\/li>\n\n\n\n<li><a href='?page_no=2'>2<\/a><\/li>\n\n\n\n<li><a>...<\/a><\/li>\n\n\n\n<li><a href='?page_no=21255'>21255<\/a><\/li>\n\n\n\n<li><a href='?page_no=21256'>21256<\/a><\/li>\n\n\n\n<li class='active'><a>21257<\/a><\/li>\n\n\n\n<li><a href='?page_no=21258'>21258<\/a><\/li>\n\n\n\n<li><a href='?page_no=21259'>21259<\/a><\/li>\n\n\n\n<li><a>...<\/a><\/li>\n\n\n\n<li><a href='?page_no=22522'>22522<\/a><\/li>\n\n\n\n<li><a href='?page_no=22523'>22523<\/a><\/li>\n\n    \n\t\n\n<li >\n\t<a href='?page_no=21258'>Next<\/a>\n\t<\/li>\n\n\n    \n\n<li><a href='?page_no=22523'>Last &rsaquo;&rsaquo;<\/a><\/li>\n\n<\/ul>\n\n\n--><br \/>\n<\/body><\/p>\n","protected":false},"excerpt":{"rendered":"<p>Luis Miguel espera segundo hijo con Aracelys Ar\u00e1mbula &#13; M\u00c9XICO.- El cantante mexicano Luis Miguel espera su segundo hijo con Aracely Ar\u00e1mbula, adelant\u00f3 hoy a la revista \u00a1Hola!, que ma\u00f1ana publicar\u00e1 una exclusiva sobre el asunto.&#13; &#13; Luis Miguel y la tambi\u00e9n mexicana Ar\u00e1mbula, cuya posible ruptura ha sido materia de especulaci\u00f3n para la prensa, [&hellip;]<\/p>\n","protected":false},"author":3,"featured_media":0,"comment_status":"open","ping_status":"open","sticky":false,"template":"","format":"standard","meta":{"footnotes":""},"categories":[25],"tags":[],"class_list":["post-92635","post","type-post","status-publish","format-standard","hentry","category-gente"],"_links":{"self":[{"href":"https:\/\/diariodominicano.com\/index.php?rest_route=\/wp\/v2\/posts\/92635","targetHints":{"allow":["GET"]}}],"collection":[{"href":"https:\/\/diariodominicano.com\/index.php?rest_route=\/wp\/v2\/posts"}],"about":[{"href":"https:\/\/diariodominicano.com\/index.php?rest_route=\/wp\/v2\/types\/post"}],"author":[{"embeddable":true,"href":"https:\/\/diariodominicano.com\/index.php?rest_route=\/wp\/v2\/users\/3"}],"replies":[{"embeddable":true,"href":"https:\/\/diariodominicano.com\/index.php?rest_route=%2Fwp%2Fv2%2Fcomments&post=92635"}],"version-history":[{"count":0,"href":"https:\/\/diariodominicano.com\/index.php?rest_route=\/wp\/v2\/posts\/92635\/revisions"}],"wp:attachment":[{"href":"https:\/\/diariodominicano.com\/index.php?rest_route=%2Fwp%2Fv2%2Fmedia&parent=92635"}],"wp:term":[{"taxonomy":"category","embeddable":true,"href":"https:\/\/diariodominicano.com\/index.php?rest_route=%2Fwp%2Fv2%2Fcategories&post=92635"},{"taxonomy":"post_tag","embeddable":true,"href":"https:\/\/diariodominicano.com\/index.php?rest_route=%2Fwp%2Fv2%2Ftags&post=92635"}],"curies":[{"name":"wp","href":"https:\/\/api.w.org\/{rel}","templated":true}]}}