{"id":92634,"date":"2008-07-09T00:54:18","date_gmt":"2008-07-09T00:54:18","guid":{"rendered":"http:\/\/diariodominicano.ddns.net\/?p=92634"},"modified":"2008-07-09T00:54:18","modified_gmt":"2008-07-09T00:54:18","slug":"la-oreja-de-van-gogh-presenta-su-nueva-cantante","status":"publish","type":"post","link":"https:\/\/diariodominicano.com\/?p=92634","title":{"rendered":"La Oreja de Van Gogh presenta su nueva cantante"},"content":{"rendered":"<p><body><\/p>\n<p class=\"titulogrande1\">La Oreja de Van Gogh presenta su nueva cantante <\/p>\n<p>&#13;<\/p>\n<p align=\"justify\" class=\"text1noticias\"><strong>Miami, FL.-<\/strong> El lunes 14 de julio, a las 11:00 a.m., se desvela el secreto. La Oreja de Van Gogh presenta a  su nueva cantante en un acto que tendr\u00e1 lugar en Casa de Am\u00e9rica (Plaza de la Cibeles, 2) de Madrid.  Ser\u00e1 una Conferencia de Prensa en la que, adem\u00e1s de conocer la identidad de la  nueva vocalista de La Oreja  de Van Gogh, los miembros del grupo hablar\u00e1n de su nuevo \u00e1lbum, que se publica  el 2 de septiembre, y se podr\u00e1 escuchar un anticipo de este pr\u00f3ximo disco. <br \/>&#13;<br \/>\n  \u00a0<br \/>&#13;<br \/>\n  El nuevo disco de La Oreja de Van Gogh se ha  grabado en los estudios Du Manoir en Las Landas (Francia) en los meses de mayo  y junio del 2008. Con la canci\u00f3n \u201cEl \u00faltimo vals\u201d como primer sencillo. El  disco ha sido producido por Nigel Walker y masterizado en Gateway Mastering por  Bob Ludwig, que cuenta en su palmar\u00e9s con m\u00e1s de 35 premios GRAMMY\u00ae gracias a  sus trabajos con Coldplay, Jimi Hendrix, Nirvana y Pearl Jam, entre otros  artistas.<br \/>&#13;<br \/>\n  \u00a0<br \/>&#13;<br \/>\n  Con la presentaci\u00f3n de la voz  que sustituir\u00e1 a Amaia, se cierra una etapa en la larga carrera del grupo, una  de las m\u00e1s importantes y emblem\u00e1ticas del pop espa\u00f1ol, con canciones que ya  est\u00e1n en la memoria colectiva y que se acaban de publicar en una selecci\u00f3n  inmejorable en el \u00e1lbum La Oreja  de Van Gogh.<br \/>&#13;<br \/>\n  \u00a0<br \/>&#13;<br \/>\n\u201cGrandes \u00e9xitos\u201d. Son 16  canciones especialmente remasterizadas para esta edici\u00f3n y extra\u00eddas de los  cinco \u00e1lbumes publicados por La   Oreja de Van Gogh, de los que ha vendido m\u00e1s de 6 millones  230 mil ejemplares en todo el mundo. <br \/>&#13;<br \/>\n  \u00a0<br \/>&#13;<br \/>\nLa Oreja de Van Gogh public\u00f3 su primer \u00e1lbum (Dile al sol) en  1998 y fue su primer n\u00famero 1. Diez a\u00f1os despu\u00e9s, Amaia y la Oreja de Van Gogh han tomado  caminos diferentes dejando su m\u00fasica en el mismo lugar con su \u00e1lbum Guapa, el  m\u00e1s vendido del 2006 con 11 Discos de Platino y tres de Oro en todo el mundo.<\/p>\n<p>&#13;<\/p>\n<p align=\"justify\" class=\"text1noticias\">En esta d\u00e9cada, La Oreja de Van Gogh ha lanzado  65 canciones que ya forman parte de la historia de la m\u00fasica espa\u00f1ola, que  completan un ciclo plagado de primeros lugares y en el que el grupo ha  conseguido los premios m\u00e1s importantes (Latin GRAMMY\u00ae, Premios de la M\u00fasica, Amigo, Ondas, MTV,  festival chileno de Vi\u00f1a del Mar&#8230;). Ahora, La Oreja de Van Gogh cierra una  etapa y comienza otra con una nueva cantante. El 14 de julio se abre una nueva  vida para la gran banda del pop espa\u00f1ol.<\/p>\n<p>&#13;<\/p>\n<h6> 2008-07-09 00:54:18 <\/h6>\n<p><!--\n<link rel=\"stylesheet\" href=\"css\/bootstrap.min.css\">\n\n\n<ul class=\"pagination\">\n\t    \n\t\n\n<li >\n\t<a href='?page_no=21255'>Previous<\/a>\n\t<\/li>\n\n\n       \n    \n\n<li><a href='?page_no=1'>1<\/a><\/li>\n\n\n\n<li><a href='?page_no=2'>2<\/a><\/li>\n\n\n\n<li><a>...<\/a><\/li>\n\n\n\n<li><a href='?page_no=21254'>21254<\/a><\/li>\n\n\n\n<li><a href='?page_no=21255'>21255<\/a><\/li>\n\n\n\n<li class='active'><a>21256<\/a><\/li>\n\n\n\n<li><a href='?page_no=21257'>21257<\/a><\/li>\n\n\n\n<li><a href='?page_no=21258'>21258<\/a><\/li>\n\n\n\n<li><a>...<\/a><\/li>\n\n\n\n<li><a href='?page_no=22522'>22522<\/a><\/li>\n\n\n\n<li><a href='?page_no=22523'>22523<\/a><\/li>\n\n    \n\t\n\n<li >\n\t<a href='?page_no=21257'>Next<\/a>\n\t<\/li>\n\n\n    \n\n<li><a href='?page_no=22523'>Last &rsaquo;&rsaquo;<\/a><\/li>\n\n<\/ul>\n\n\n--><br \/>\n<\/body><\/p>\n","protected":false},"excerpt":{"rendered":"<p>La Oreja de Van Gogh presenta su nueva cantante &#13; Miami, FL.- El lunes 14 de julio, a las 11:00 a.m., se desvela el secreto. La Oreja de Van Gogh presenta a su nueva cantante en un acto que tendr\u00e1 lugar en Casa de Am\u00e9rica (Plaza de la Cibeles, 2) de Madrid. Ser\u00e1 una Conferencia [&hellip;]<\/p>\n","protected":false},"author":3,"featured_media":0,"comment_status":"open","ping_status":"open","sticky":false,"template":"","format":"standard","meta":{"footnotes":""},"categories":[25],"tags":[],"class_list":["post-92634","post","type-post","status-publish","format-standard","hentry","category-gente"],"_links":{"self":[{"href":"https:\/\/diariodominicano.com\/index.php?rest_route=\/wp\/v2\/posts\/92634","targetHints":{"allow":["GET"]}}],"collection":[{"href":"https:\/\/diariodominicano.com\/index.php?rest_route=\/wp\/v2\/posts"}],"about":[{"href":"https:\/\/diariodominicano.com\/index.php?rest_route=\/wp\/v2\/types\/post"}],"author":[{"embeddable":true,"href":"https:\/\/diariodominicano.com\/index.php?rest_route=\/wp\/v2\/users\/3"}],"replies":[{"embeddable":true,"href":"https:\/\/diariodominicano.com\/index.php?rest_route=%2Fwp%2Fv2%2Fcomments&post=92634"}],"version-history":[{"count":0,"href":"https:\/\/diariodominicano.com\/index.php?rest_route=\/wp\/v2\/posts\/92634\/revisions"}],"wp:attachment":[{"href":"https:\/\/diariodominicano.com\/index.php?rest_route=%2Fwp%2Fv2%2Fmedia&parent=92634"}],"wp:term":[{"taxonomy":"category","embeddable":true,"href":"https:\/\/diariodominicano.com\/index.php?rest_route=%2Fwp%2Fv2%2Fcategories&post=92634"},{"taxonomy":"post_tag","embeddable":true,"href":"https:\/\/diariodominicano.com\/index.php?rest_route=%2Fwp%2Fv2%2Ftags&post=92634"}],"curies":[{"name":"wp","href":"https:\/\/api.w.org\/{rel}","templated":true}]}}