{"id":92633,"date":"2008-07-09T00:57:40","date_gmt":"2008-07-09T00:57:40","guid":{"rendered":"http:\/\/diariodominicano.ddns.net\/?p=92633"},"modified":"2008-07-09T00:57:40","modified_gmt":"2008-07-09T00:57:40","slug":"rubby-perez-ahora-suena-en-la-radio-con-mal-querida","status":"publish","type":"post","link":"https:\/\/diariodominicano.com\/?p=92633","title":{"rendered":"Rubby P\u00e9rez ahora suena en la radio con \u201cMal querida\u201d"},"content":{"rendered":"<p><body><\/p>\n<p align=\"justify\"><strong class=\"titulogrande1\">Rubby P\u00e9rez ahora suena en la radio  con \u201cMal querida\u201d<\/strong><br \/>&#13;<br \/>\n  \u00a0<br \/>&#13;<br \/>\n  <span class=\"text1noticias\"><strong><img loading=\"lazy\" decoding=\"async\" src=\"http:\/\/localhost:8080\/gente\/img\/rubi perez.jpg\" width=\"375\" height=\"252\" hspace=\"4\" align=\"left\" \/>SANTO DOMINGO.-<\/strong>  Rubby P\u00e9rez sigue su escalada en el gusto de la gente. Tras el \u00e9xito del tema  \u201cVali\u00f3 la pena\u201d el merenguero ancla nuevamente en la radio nacional con el  sencillo \u201cMal querida\u201d, una composici\u00f3n original de Charlie Mosquea, con  arreglos del maestro Sony Ovalles.<br \/>&#13;<br \/>\n  <br \/>&#13;<br \/>\n  Y \u00e9l  (Rubby) est\u00e1 m\u00e1s que feliz con esta nueva rotaci\u00f3n que le reafirma su posici\u00f3n  privilegiada en las estaciones radiales dominicanas y tambi\u00e9n las que se  distribuyen en plazas tan importantes para la m\u00fasica tropical como las de Nueva  York, Miami, Puerto Rico, Venezuela, Curazao, Costa Rica y Panam\u00e1, entre otras.<br \/>&#13;<br \/>\n  <br \/>&#13;<br \/>\n\u201cSeguimos  evocando a un merengue de gran riqueza en lo literario y musical, es el sello  que nos ha identificado en el sentido de que el p\u00fablico espera siempre de  nosotros gran calidad en lo que le exponemos\u201d, expres\u00f3 el artista.<br \/>&#13;<br \/>\n<br \/>&#13;<br \/>\nA su  juicio es la constante que seguir\u00e1 en su carrera profesional, de ah\u00ed que su  \u00e1lbum \u201cDulce veneno\u201d de donde se desprende el merengue en promoci\u00f3n ha sido  altamente elogiado porque no tiene \u201cdesperdicios\u201d.<br \/>&#13;<br \/>\n<br \/>&#13;<br \/>\nEn  una reciente visita a Berl\u00edn, cuenta Rubby P\u00e9rez, que se llev\u00f3 la grata  sorpresa de que en algunos los clubes latinos varios de los temas del disco  citado suenan con gran profusi\u00f3n y entre ellos est\u00e1 \u201cMal querida\u201d, uno de los  m\u00e1s solicitados de acuerdo a informaciones que tiene.<br \/>&#13;<br \/>\n<br \/>&#13;<br \/>\n\u201cLa  verdad que me sorprend\u00ed aunque debo admitir que cada quien hace suya siempre  una canci\u00f3n en un disco ya sea porque se identifica con ella o porque  simplemente le gusta, eso a lo mejor sucedi\u00f3 con la que ahora promovemos\u201d,  destac\u00f3.<br \/>&#13;<br \/>\n<br \/>&#13;<br \/>\nRubby  Perez ha iniciado un a\u00f1o de luces para su labor art\u00edstica. Ha estado llevando  su m\u00fasica a lugares como Alemania, Costa rica, Curazao, Saint Thomas,  Guadalupe, Venezuela y Estados Unidos. En tanto que en breve iniciar\u00e1 una gira  por algunas ciudades de Europa.\u00a0<\/span><\/p>\n<p>&#13;<\/p>\n<h6> 2008-07-09 00:57:40 <\/h6>\n<p><!--\n<link rel=\"stylesheet\" href=\"css\/bootstrap.min.css\">\n\n\n<ul class=\"pagination\">\n\t    \n\t\n\n<li >\n\t<a href='?page_no=21254'>Previous<\/a>\n\t<\/li>\n\n\n       \n    \n\n<li><a href='?page_no=1'>1<\/a><\/li>\n\n\n\n<li><a href='?page_no=2'>2<\/a><\/li>\n\n\n\n<li><a>...<\/a><\/li>\n\n\n\n<li><a href='?page_no=21253'>21253<\/a><\/li>\n\n\n\n<li><a href='?page_no=21254'>21254<\/a><\/li>\n\n\n\n<li class='active'><a>21255<\/a><\/li>\n\n\n\n<li><a href='?page_no=21256'>21256<\/a><\/li>\n\n\n\n<li><a href='?page_no=21257'>21257<\/a><\/li>\n\n\n\n<li><a>...<\/a><\/li>\n\n\n\n<li><a href='?page_no=22522'>22522<\/a><\/li>\n\n\n\n<li><a href='?page_no=22523'>22523<\/a><\/li>\n\n    \n\t\n\n<li >\n\t<a href='?page_no=21256'>Next<\/a>\n\t<\/li>\n\n\n    \n\n<li><a href='?page_no=22523'>Last &rsaquo;&rsaquo;<\/a><\/li>\n\n<\/ul>\n\n\n--><br \/>\n<\/body><\/p>\n","protected":false},"excerpt":{"rendered":"<p>Rubby P\u00e9rez ahora suena en la radio con \u201cMal querida\u201d&#13; \u00a0&#13; SANTO DOMINGO.- Rubby P\u00e9rez sigue su escalada en el gusto de la gente. Tras el \u00e9xito del tema \u201cVali\u00f3 la pena\u201d el merenguero ancla nuevamente en la radio nacional con el sencillo \u201cMal querida\u201d, una composici\u00f3n original de Charlie Mosquea, con arreglos del maestro [&hellip;]<\/p>\n","protected":false},"author":3,"featured_media":0,"comment_status":"open","ping_status":"open","sticky":false,"template":"","format":"standard","meta":{"footnotes":""},"categories":[25],"tags":[],"class_list":["post-92633","post","type-post","status-publish","format-standard","hentry","category-gente"],"_links":{"self":[{"href":"https:\/\/diariodominicano.com\/index.php?rest_route=\/wp\/v2\/posts\/92633","targetHints":{"allow":["GET"]}}],"collection":[{"href":"https:\/\/diariodominicano.com\/index.php?rest_route=\/wp\/v2\/posts"}],"about":[{"href":"https:\/\/diariodominicano.com\/index.php?rest_route=\/wp\/v2\/types\/post"}],"author":[{"embeddable":true,"href":"https:\/\/diariodominicano.com\/index.php?rest_route=\/wp\/v2\/users\/3"}],"replies":[{"embeddable":true,"href":"https:\/\/diariodominicano.com\/index.php?rest_route=%2Fwp%2Fv2%2Fcomments&post=92633"}],"version-history":[{"count":0,"href":"https:\/\/diariodominicano.com\/index.php?rest_route=\/wp\/v2\/posts\/92633\/revisions"}],"wp:attachment":[{"href":"https:\/\/diariodominicano.com\/index.php?rest_route=%2Fwp%2Fv2%2Fmedia&parent=92633"}],"wp:term":[{"taxonomy":"category","embeddable":true,"href":"https:\/\/diariodominicano.com\/index.php?rest_route=%2Fwp%2Fv2%2Fcategories&post=92633"},{"taxonomy":"post_tag","embeddable":true,"href":"https:\/\/diariodominicano.com\/index.php?rest_route=%2Fwp%2Fv2%2Ftags&post=92633"}],"curies":[{"name":"wp","href":"https:\/\/api.w.org\/{rel}","templated":true}]}}