{"id":92632,"date":"2008-07-09T01:03:10","date_gmt":"2008-07-09T01:03:10","guid":{"rendered":"http:\/\/diariodominicano.ddns.net\/?p=92632"},"modified":"2008-07-09T01:03:10","modified_gmt":"2008-07-09T01:03:10","slug":"coopnama-realiza-campamento-infantil-verano-2008","status":"publish","type":"post","link":"https:\/\/diariodominicano.com\/?p=92632","title":{"rendered":"COOPNAMA realiza campamento Infantil Verano 2008"},"content":{"rendered":"<p><body><\/p>\n<p align=\"center\" class=\"titulogrande1\"><strong>COOPNAMA realiza campamento  Infantil Verano 2008 <\/strong><\/p>\n<p>&#13;<\/p>\n<p align=\"justify\" class=\"text1noticias\"><img loading=\"lazy\" decoding=\"async\" src=\"http:\/\/localhost:8080\/gente\/img\/campament.jpg\" width=\"375\" height=\"1516\" hspace=\"4\" align=\"left\" \/><strong>Rep Dom.-<\/strong> Bajo el lema \u201cMis Valores est\u00e1n Creciendo\u201d la Cooperativa Nacional de Servicios  M\u00faltiples de los Maestros, realiz\u00f3 el \u201cCampamento  Infantil de Verano COOPNAMA 2008\u201d para ni\u00f1os y ni\u00f1as de calificaciones  sobresalientes.<\/p>\n<p>&#13;<\/p>\n<p align=\"justify\" class=\"text1noticias\">Durante cuatro d\u00edas el Hotel Coopmarena  Beach Resort fue el escenario propicio para que los infantes demostraran toda  su creatividad.<br \/>&#13;<br \/>\n  <br \/> &#13;<br \/>\nEnmarcadas en los valores del patriotismo, el cooperativismo,  el ahorro y el amor familiar.<\/p>\n<p>&#13;<\/p>\n<p align=\"justify\" class=\"text1noticias\">La responsabilidad del cuidado de los  estudiantes decay\u00f3 en los t\u00edos y t\u00edas que adoptaron a sus sobrinos con el mejor  de los \u00e1nimos. Siempre supervisados por el personal de la gerencia de Educaci\u00f3n  quienes organizaron la actividad.<\/p>\n<p>&#13;<\/p>\n<p align=\"justify\" class=\"text1noticias\"> Ca\u00edda la tarde se realiz\u00f3 el acto de  inauguraci\u00f3n con la presencia de representantes de los \u00f3rganos sociales y  administrativos de la COOPNAMA. El acto cont\u00f3 con la presencia del el Prof.  Valent\u00edn Medrano, presidente del Consejo de Administraci\u00f3n; Prof. Roberto  N\u00fa\u00f1ez, presidente del Consejo de Vigilancia;\u00a0  Prof. Juan B\u00e1ez, presidente del Comit\u00e9 de Cr\u00e9dito. Asimismo como  miembros de todos estos \u00f3rganos. <\/p>\n<p>&#13;<\/p>\n<p align=\"justify\" class=\"text1noticias\">Los d\u00edas siguientes fueron de mucho  trabajo para los ni\u00f1os y las ni\u00f1as asistentes pues desde temprano deb\u00edan  realizar actividades f\u00edsicas, as\u00ed como asistir a los talleres de artesan\u00eda y  teatro. <br \/>&#13;<br \/>\n  <br \/>&#13;<br \/>\nEstos talleres contribuyeron a la integraci\u00f3n de los infantes as\u00ed como  el desarrollo de sus talentos. <\/p>\n<p>&#13;<\/p>\n<p align=\"justify\" class=\"text1noticias\">Estos talentos quedaron demostrados  durante la clausura realizada la noche del jueves 26, donde los ni\u00f1os  presentaron varias obras teatrales, ejercicios de coordinaci\u00f3n y una poes\u00eda  coreada. <\/p>\n<p>&#13;<\/p>\n<p align=\"justify\" class=\"text1noticias\">A la clausura asistieron los directivos  de los \u00f3rganos sociales y administrativos como Prof. Mario Olivo, titular del  Consejo de Administraci\u00f3n, Lic. Victoria Suarez, gerente de TIC\u2019s, Lic. Lourdes  Minaya, gerente de Recursos Humanos, Lic. Carlos Ben\u00edtez, gerente financiero.  As\u00ed como Prof. Cesar Augusto P\u00e9rez Samboy, Gerente de Educaci\u00f3n y la Prof. Aura  Heredia, coordinadora del campamento.<\/p>\n<p>&#13;<\/p>\n<p align=\"justify\" class=\"text1noticias\">Durante la misma, el director de  PRODEARTE, Diomedes Mieses y algunos de los instructores entregaron a los  gerentes presentes algunos ejemplares de las artesan\u00edas que realizaron los ni\u00f1os. <\/p>\n<p>&#13;<\/p>\n<h6> 2008-07-09 01:03:10 <\/h6>\n<p><!--\n<link rel=\"stylesheet\" href=\"css\/bootstrap.min.css\">\n\n\n<ul class=\"pagination\">\n\t    \n\t\n\n<li >\n\t<a href='?page_no=21253'>Previous<\/a>\n\t<\/li>\n\n\n       \n    \n\n<li><a href='?page_no=1'>1<\/a><\/li>\n\n\n\n<li><a href='?page_no=2'>2<\/a><\/li>\n\n\n\n<li><a>...<\/a><\/li>\n\n\n\n<li><a href='?page_no=21252'>21252<\/a><\/li>\n\n\n\n<li><a href='?page_no=21253'>21253<\/a><\/li>\n\n\n\n<li class='active'><a>21254<\/a><\/li>\n\n\n\n<li><a href='?page_no=21255'>21255<\/a><\/li>\n\n\n\n<li><a href='?page_no=21256'>21256<\/a><\/li>\n\n\n\n<li><a>...<\/a><\/li>\n\n\n\n<li><a href='?page_no=22522'>22522<\/a><\/li>\n\n\n\n<li><a href='?page_no=22523'>22523<\/a><\/li>\n\n    \n\t\n\n<li >\n\t<a href='?page_no=21255'>Next<\/a>\n\t<\/li>\n\n\n    \n\n<li><a href='?page_no=22523'>Last &rsaquo;&rsaquo;<\/a><\/li>\n\n<\/ul>\n\n\n--><br \/>\n<\/body><\/p>\n","protected":false},"excerpt":{"rendered":"<p>COOPNAMA realiza campamento Infantil Verano 2008 &#13; Rep Dom.- Bajo el lema \u201cMis Valores est\u00e1n Creciendo\u201d la Cooperativa Nacional de Servicios M\u00faltiples de los Maestros, realiz\u00f3 el \u201cCampamento Infantil de Verano COOPNAMA 2008\u201d para ni\u00f1os y ni\u00f1as de calificaciones sobresalientes. &#13; Durante cuatro d\u00edas el Hotel Coopmarena Beach Resort fue el escenario propicio para que [&hellip;]<\/p>\n","protected":false},"author":3,"featured_media":0,"comment_status":"open","ping_status":"open","sticky":false,"template":"","format":"standard","meta":{"footnotes":""},"categories":[25],"tags":[],"class_list":["post-92632","post","type-post","status-publish","format-standard","hentry","category-gente"],"_links":{"self":[{"href":"https:\/\/diariodominicano.com\/index.php?rest_route=\/wp\/v2\/posts\/92632","targetHints":{"allow":["GET"]}}],"collection":[{"href":"https:\/\/diariodominicano.com\/index.php?rest_route=\/wp\/v2\/posts"}],"about":[{"href":"https:\/\/diariodominicano.com\/index.php?rest_route=\/wp\/v2\/types\/post"}],"author":[{"embeddable":true,"href":"https:\/\/diariodominicano.com\/index.php?rest_route=\/wp\/v2\/users\/3"}],"replies":[{"embeddable":true,"href":"https:\/\/diariodominicano.com\/index.php?rest_route=%2Fwp%2Fv2%2Fcomments&post=92632"}],"version-history":[{"count":0,"href":"https:\/\/diariodominicano.com\/index.php?rest_route=\/wp\/v2\/posts\/92632\/revisions"}],"wp:attachment":[{"href":"https:\/\/diariodominicano.com\/index.php?rest_route=%2Fwp%2Fv2%2Fmedia&parent=92632"}],"wp:term":[{"taxonomy":"category","embeddable":true,"href":"https:\/\/diariodominicano.com\/index.php?rest_route=%2Fwp%2Fv2%2Fcategories&post=92632"},{"taxonomy":"post_tag","embeddable":true,"href":"https:\/\/diariodominicano.com\/index.php?rest_route=%2Fwp%2Fv2%2Ftags&post=92632"}],"curies":[{"name":"wp","href":"https:\/\/api.w.org\/{rel}","templated":true}]}}