{"id":92631,"date":"2008-07-09T20:10:57","date_gmt":"2008-07-09T20:10:57","guid":{"rendered":"http:\/\/diariodominicano.ddns.net\/?p=92631"},"modified":"2008-07-09T20:10:57","modified_gmt":"2008-07-09T20:10:57","slug":"carla-bruni-adoraria-estar-embarazada","status":"publish","type":"post","link":"https:\/\/diariodominicano.com\/?p=92631","title":{"rendered":"Carla Bruni: \u00abAdorar\u00eda estar embarazada\u00bb"},"content":{"rendered":"<p><body><\/p>\n<p align=\"justify\"><strong class=\"titulogrande1\">Carla Bruni: \u00abAdorar\u00eda estar embarazada\u00bb<\/strong><br \/>&#13;<br \/>\n  <br \/>&#13;<br \/>\n    <span class=\"text1noticias\">La cantante teme que su edad sea un impedimento para tener descendencia con  Sarkozy <br \/>&#13;<br \/>\n    <br \/>&#13;<br \/>\n    <strong>EFE<\/strong> &#8211; Par\u00eds &#8211; 09\/07\/2008 <\/span><\/p>\n<p>&#13;<\/p>\n<p align=\"justify\" class=\"text1noticias\"><img loading=\"lazy\" decoding=\"async\" src=\"http:\/\/localhost:8080\/gente\/img\/bruni embarazo.jpg\" width=\"375\" height=\"510\" hspace=\"4\" align=\"left\" \/>La primera dama de Francia,  cantante y ex modelo, Carla Bruni no est\u00e1 embarazada. Aunque \u00abadorar\u00eda  estarlo\u00bb, ha dicho en una entrevista concedida al semanario <em>VSD<\/em>. En  ella, tambi\u00e9n se declara de izquierdas, pese a que su marido, el presidente  Nicol\u00e1s Sarkozy, pertenece a un partido conservador, la UMP.<br \/>&#13;<br \/>\n  <br \/>&#13;<br \/>\n\u00abDesgraciadamente, no estoy  embarazada. Aunque yo tambi\u00e9n he empezado a plantearme si he engordado, porque  todo el mundo me hace esa pregunta\u00bb, ha dicho la cantante de 40 a\u00f1os a la  revista. La cantante ha concedido la entrevista en plena promoci\u00f3n de su tercer  \u00e1lbum, titulado <em>Comme si de rien n&#8217;\u00e9tait<\/em> (<em>Como si nada<\/em>), que  saldr\u00e1 a la venta este viernes y que ya se puede escuchar en su web,  www.carlabruni.com.<br \/>&#13;<br \/>\n<br \/>&#13;<br \/>\nSin embargo, Bruni no asegura que  vaya a tener descendencia con Sarkozy: \u00abEs dif\u00edcil responder a la pregunta  de si llegar\u00e1 el presidencial reto\u00f1o. Es m\u00e1s complicado quedarse embarazada a  los 40 a\u00f1os que a los 25\u00bb, ha dicho.<\/p>\n<p>&#13;<\/p>\n<h6> 2008-07-09 20:10:57 <\/h6>\n<p><!--\n<link rel=\"stylesheet\" href=\"css\/bootstrap.min.css\">\n\n\n<ul class=\"pagination\">\n\t    \n\t\n\n<li >\n\t<a href='?page_no=21252'>Previous<\/a>\n\t<\/li>\n\n\n       \n    \n\n<li><a href='?page_no=1'>1<\/a><\/li>\n\n\n\n<li><a href='?page_no=2'>2<\/a><\/li>\n\n\n\n<li><a>...<\/a><\/li>\n\n\n\n<li><a href='?page_no=21251'>21251<\/a><\/li>\n\n\n\n<li><a href='?page_no=21252'>21252<\/a><\/li>\n\n\n\n<li class='active'><a>21253<\/a><\/li>\n\n\n\n<li><a href='?page_no=21254'>21254<\/a><\/li>\n\n\n\n<li><a href='?page_no=21255'>21255<\/a><\/li>\n\n\n\n<li><a>...<\/a><\/li>\n\n\n\n<li><a href='?page_no=22522'>22522<\/a><\/li>\n\n\n\n<li><a href='?page_no=22523'>22523<\/a><\/li>\n\n    \n\t\n\n<li >\n\t<a href='?page_no=21254'>Next<\/a>\n\t<\/li>\n\n\n    \n\n<li><a href='?page_no=22523'>Last &rsaquo;&rsaquo;<\/a><\/li>\n\n<\/ul>\n\n\n--><br \/>\n<\/body><\/p>\n","protected":false},"excerpt":{"rendered":"<p>Carla Bruni: \u00abAdorar\u00eda estar embarazada\u00bb&#13; &#13; La cantante teme que su edad sea un impedimento para tener descendencia con Sarkozy &#13; &#13; EFE &#8211; Par\u00eds &#8211; 09\/07\/2008 &#13; La primera dama de Francia, cantante y ex modelo, Carla Bruni no est\u00e1 embarazada. Aunque \u00abadorar\u00eda estarlo\u00bb, ha dicho en una entrevista concedida al semanario VSD. En [&hellip;]<\/p>\n","protected":false},"author":3,"featured_media":0,"comment_status":"open","ping_status":"open","sticky":false,"template":"","format":"standard","meta":{"footnotes":""},"categories":[25],"tags":[],"class_list":["post-92631","post","type-post","status-publish","format-standard","hentry","category-gente"],"_links":{"self":[{"href":"https:\/\/diariodominicano.com\/index.php?rest_route=\/wp\/v2\/posts\/92631","targetHints":{"allow":["GET"]}}],"collection":[{"href":"https:\/\/diariodominicano.com\/index.php?rest_route=\/wp\/v2\/posts"}],"about":[{"href":"https:\/\/diariodominicano.com\/index.php?rest_route=\/wp\/v2\/types\/post"}],"author":[{"embeddable":true,"href":"https:\/\/diariodominicano.com\/index.php?rest_route=\/wp\/v2\/users\/3"}],"replies":[{"embeddable":true,"href":"https:\/\/diariodominicano.com\/index.php?rest_route=%2Fwp%2Fv2%2Fcomments&post=92631"}],"version-history":[{"count":0,"href":"https:\/\/diariodominicano.com\/index.php?rest_route=\/wp\/v2\/posts\/92631\/revisions"}],"wp:attachment":[{"href":"https:\/\/diariodominicano.com\/index.php?rest_route=%2Fwp%2Fv2%2Fmedia&parent=92631"}],"wp:term":[{"taxonomy":"category","embeddable":true,"href":"https:\/\/diariodominicano.com\/index.php?rest_route=%2Fwp%2Fv2%2Fcategories&post=92631"},{"taxonomy":"post_tag","embeddable":true,"href":"https:\/\/diariodominicano.com\/index.php?rest_route=%2Fwp%2Fv2%2Ftags&post=92631"}],"curies":[{"name":"wp","href":"https:\/\/api.w.org\/{rel}","templated":true}]}}