{"id":92628,"date":"2008-07-09T20:21:05","date_gmt":"2008-07-09T20:21:05","guid":{"rendered":"http:\/\/diariodominicano.ddns.net\/?p=92628"},"modified":"2008-07-09T20:21:05","modified_gmt":"2008-07-09T20:21:05","slug":"penelope-cruz-rueda-en-pleno-centro-de-madrid-su-ultima-pelicula","status":"publish","type":"post","link":"https:\/\/diariodominicano.com\/?p=92628","title":{"rendered":"Pen\u00e9lope Cruz rueda en pleno centro de Madrid su \u00faltima pel\u00edcula"},"content":{"rendered":"<p><body><\/p>\n<p align=\"justify\"><span class=\"titulogrande1\">Pen\u00e9lope Cruz rueda en pleno centro de Madrid su \u00faltima  pel\u00edcula <\/span><br \/>&#13;<br \/>\n  <br \/>&#13;<br \/>\n    <span class=\"text1noticias\">La actriz espa\u00f1ola y pareja de Javier Bardem, comenz\u00f3 las  grabaciones de la cinta Los abrazos rotos, de Pedro Almod\u00f3var.<br \/>&#13;<br \/>\n    <br \/>&#13;<br \/>\n    <img loading=\"lazy\" decoding=\"async\" src=\"http:\/\/localhost:8080\/gente\/img\/cruz pelicula.jpg\" width=\"375\" height=\"499\" hspace=\"4\" align=\"left\" \/>Tras el rodaje en Lanzarote de Los abrazos rotos, Pedro Almod\u00f3var  fij\u00f3 el set de grabaci\u00f3n en Madrid, decisi\u00f3n que permiti\u00f3 a la diva espa\u00f1ola Pen\u00e9lope  Cruz, reencontrarse con su novio, Javier Bardem, y celebrar la victoria en la  final de la Eurocopa,\u00a0adem\u00e1s de\u00a0asistir al festival Rock in Rio.<br \/>&#13;<br \/>\n    <br \/>&#13;<br \/>\n    Cruz, rod\u00f3 una secuencia nocturna en la que tambi\u00e9n  particip\u00f3 el reconocido actor local, Llu\u00eds Homar.<br \/>&#13;<br \/>\n    <br \/>&#13;<br \/>\n    Pedro Almod\u00f3var, vestido con una camisa naranja, dirig\u00eda a  la actriz madrile\u00f1a, que para esa escena, luc\u00eda un vestido azul marino y una  chaqueta en el tono. \u00abYa puedo afirmar que Pen\u00e9lope est\u00e1 sublime en sus  secuencias, Blanca Portillo rotunda, perfecta y Llu\u00eds Homar impresiona mucho en  la piel del amante que pierde la vista en un accidente\u00bb, asegur\u00f3 Almod\u00f3var  en su blog.<br \/>&#13;<br \/>\n    <br \/>&#13;<br \/>\n    Aunque existe un gran secretismo sobre el argumento de la  pel\u00edcula, sin embargo,\u00a0trascendi\u00f3 que el filme aborda una historia de amor  en dos \u00e9pocas diferentes, la d\u00e9cada de 1990 y la actualidad.<br \/>&#13;<br \/>\n    <br \/>&#13;<br \/>\n    A principios del mes de julio, el set de rodaje de Los  abrazos rotos se instal\u00f3 en Parla, que en palabras del director, en esta ciudad  est\u00e1n sus \u00abra\u00edces\u00bb, despu\u00e9s de que en esta localidad hayan vivido  \u00abdurante a\u00f1os\u00bb las dos hermanas y la madre del Almod\u00f3var.<br \/>&#13;<br \/>\n    <br \/>&#13;<br \/>\n    Concretamente, grabaron en una vivienda propiedad de una de  las hermanas del director, Antonia, en la que\u00a0el\u00a0director\u00a0ya  rod\u00f3 varias escenas de La flor de mi secreto.<br \/>&#13;<br \/>\n    <br \/>&#13;<br \/>\nEl cineasta rodar\u00e1 tambi\u00e9n, en los Estudios Barajas. Seg\u00fan  el esquema del\u00a0 manchego, las grabaciones se prolongar\u00e1n hasta el pr\u00f3ximo  5 de septiembre, mientras que su estreno, est\u00e1 previsto para marzo del pr\u00f3ximo  a\u00f1o.<\/span><\/p>\n<p>&#13;<br \/>\n&#13;<br \/>\nFuente: La Tercera de Chile&#13;<\/p>\n<h6> 2008-07-09 20:21:05 <\/h6>\n<p><!--\n<link rel=\"stylesheet\" href=\"css\/bootstrap.min.css\">\n\n\n<ul class=\"pagination\">\n\t    \n\t\n\n<li >\n\t<a href='?page_no=21249'>Previous<\/a>\n\t<\/li>\n\n\n       \n    \n\n<li><a href='?page_no=1'>1<\/a><\/li>\n\n\n\n<li><a href='?page_no=2'>2<\/a><\/li>\n\n\n\n<li><a>...<\/a><\/li>\n\n\n\n<li><a href='?page_no=21248'>21248<\/a><\/li>\n\n\n\n<li><a href='?page_no=21249'>21249<\/a><\/li>\n\n\n\n<li class='active'><a>21250<\/a><\/li>\n\n\n\n<li><a href='?page_no=21251'>21251<\/a><\/li>\n\n\n\n<li><a href='?page_no=21252'>21252<\/a><\/li>\n\n\n\n<li><a>...<\/a><\/li>\n\n\n\n<li><a href='?page_no=22522'>22522<\/a><\/li>\n\n\n\n<li><a href='?page_no=22523'>22523<\/a><\/li>\n\n    \n\t\n\n<li >\n\t<a href='?page_no=21251'>Next<\/a>\n\t<\/li>\n\n\n    \n\n<li><a href='?page_no=22523'>Last &rsaquo;&rsaquo;<\/a><\/li>\n\n<\/ul>\n\n\n--><br \/>\n<\/body><\/p>\n","protected":false},"excerpt":{"rendered":"<p>Pen\u00e9lope Cruz rueda en pleno centro de Madrid su \u00faltima pel\u00edcula &#13; &#13; La actriz espa\u00f1ola y pareja de Javier Bardem, comenz\u00f3 las grabaciones de la cinta Los abrazos rotos, de Pedro Almod\u00f3var.&#13; &#13; Tras el rodaje en Lanzarote de Los abrazos rotos, Pedro Almod\u00f3var fij\u00f3 el set de grabaci\u00f3n en Madrid, decisi\u00f3n que permiti\u00f3 [&hellip;]<\/p>\n","protected":false},"author":3,"featured_media":0,"comment_status":"open","ping_status":"open","sticky":false,"template":"","format":"standard","meta":{"footnotes":""},"categories":[25],"tags":[],"class_list":["post-92628","post","type-post","status-publish","format-standard","hentry","category-gente"],"_links":{"self":[{"href":"https:\/\/diariodominicano.com\/index.php?rest_route=\/wp\/v2\/posts\/92628","targetHints":{"allow":["GET"]}}],"collection":[{"href":"https:\/\/diariodominicano.com\/index.php?rest_route=\/wp\/v2\/posts"}],"about":[{"href":"https:\/\/diariodominicano.com\/index.php?rest_route=\/wp\/v2\/types\/post"}],"author":[{"embeddable":true,"href":"https:\/\/diariodominicano.com\/index.php?rest_route=\/wp\/v2\/users\/3"}],"replies":[{"embeddable":true,"href":"https:\/\/diariodominicano.com\/index.php?rest_route=%2Fwp%2Fv2%2Fcomments&post=92628"}],"version-history":[{"count":0,"href":"https:\/\/diariodominicano.com\/index.php?rest_route=\/wp\/v2\/posts\/92628\/revisions"}],"wp:attachment":[{"href":"https:\/\/diariodominicano.com\/index.php?rest_route=%2Fwp%2Fv2%2Fmedia&parent=92628"}],"wp:term":[{"taxonomy":"category","embeddable":true,"href":"https:\/\/diariodominicano.com\/index.php?rest_route=%2Fwp%2Fv2%2Fcategories&post=92628"},{"taxonomy":"post_tag","embeddable":true,"href":"https:\/\/diariodominicano.com\/index.php?rest_route=%2Fwp%2Fv2%2Ftags&post=92628"}],"curies":[{"name":"wp","href":"https:\/\/api.w.org\/{rel}","templated":true}]}}