{"id":92627,"date":"2008-07-09T22:24:23","date_gmt":"2008-07-09T22:24:23","guid":{"rendered":"http:\/\/diariodominicano.ddns.net\/?p=92627"},"modified":"2008-07-09T22:24:23","modified_gmt":"2008-07-09T22:24:23","slug":"crean-cooperativa-nacional-de-ahorro-y-produccion-de-los-artistas-dominicanos-coopnaproartdo","status":"publish","type":"post","link":"https:\/\/diariodominicano.com\/?p=92627","title":{"rendered":"Crean Cooperativa Nacional de Ahorro y Producci\u00f3n de los Artistas Dominicanos Coopnaproartdo"},"content":{"rendered":"<p><body><\/p>\n<p align=\"justify\" class=\"titulogrande1\"><strong>Crean  Cooperativa Nacional de Ahorro y Producci\u00f3n de los Artistas Dominicanos  Coopnaproartdo <\/strong><\/p>\n<p>&#13;<\/p>\n<p align=\"justify\"><span class=\"text1noticias\"><strong>Santo  Domingo, <img loading=\"lazy\" decoding=\"async\" src=\"http:\/\/localhost:8080\/gente\/img\/artistas.jpg\" width=\"375\" height=\"578\" hspace=\"4\" align=\"left\" \/>D. N.- <\/strong>Decenas de artistas  en el \u00e1rea del canto, m\u00fasica, bailarines, locutores, actores, productores de  televisi\u00f3n,\u00a0 t\u00e9cnicos audiovisuales y  editores de televisi\u00f3n constituyeron en la tarde de ayer el Comit\u00e9 Gestor de la <strong>Cooperativa Nacional de Ahorro y\u00a0 Producci\u00f3n de\u00a0 los Artistas Dominicanos\u00a0 (COOPNAPROARTDO)<\/strong>. <\/span><\/p>\n<p>&#13;<\/p>\n<p align=\"justify\" class=\"text1noticias\">De inmediato el Presidente \u2013  Administrador de IDECOOP <strong>licenciado\u00a0 Pedro Corpor\u00e1n,<\/strong> felicit\u00f3 la iniciativa de  estos artistas con mira a dejar constituida la pr\u00f3xima hora la Asamblea Nacional  de Delegados.<\/p>\n<p>&#13;<\/p>\n<p align=\"justify\" class=\"text1noticias\">El Presidente de IDECOOP dio  instrucci\u00f3n a la <strong>doctora Natividad  Carvajal y a Bienvenida Rom\u00e1n<\/strong> de la Sub-Administraci\u00f3n   T\u00e9cnica de Desarrollo de la instituci\u00f3n\u00a0 como parte del equipo del Centro Regional  Central del IDECOOP para darle seguimiento a la naciente cooperativa que en lo  adelante organizara el ahorro y la producci\u00f3n de los artistas dominicanos.<\/p>\n<p>&#13;<\/p>\n<p align=\"justify\" class=\"text1noticias\">Por la parte de los artistas  se escogi\u00f3 al veterano locutor y productor de televisi\u00f3n, licenciado V\u00edctor  Cruz como Presidente de la cooperativa y los miembros Guillermo Guante, Rolando  Marte, Charlie Carvajal, Lic. Danilo Mart\u00ednez, Ram\u00f3n Leonardo, Omar Franco,  Nereyda Rodr\u00edguez, Dagoberto Tejeda, Jacqueline Est\u00e9vez, Marcell, Heraldo  Veras, Ra\u00fal Jim\u00e9nez, Alejandro E. Delgado Florentino, Sa\u00fal Smith G\u00f3mez Rondon,  Jonathan E. Abreu Can\u00f3, Marcial Soriano P\u00e9rez, Ilania Quezada Luciano, Cinthia  V. Peralta, Robin Antonio Hern\u00e1ndez, Roberto Rodr\u00edguez Ch\u00e1vez, tambi\u00e9n se  escogieron a los miembros del Comit\u00e9 de Cr\u00e9dito y el Consejo Vigilancia  integrado por\u00a0 V\u00edctor Alfonso Bel\u00e9n Mora  y Dami\u00e1n Villanueva.<\/p>\n<p>&#13;<\/p>\n<p align=\"justify\" class=\"text1noticias\">La Cooperativa Nacional de los Artistas  esta dividida por seccionales y por distritos municipales y provinciales. <\/p>\n<p>&#13;<\/p>\n<h6> 2008-07-09 22:24:23 <\/h6>\n<p><!--\n<link rel=\"stylesheet\" href=\"css\/bootstrap.min.css\">\n\n\n<ul class=\"pagination\">\n\t    \n\t\n\n<li >\n\t<a href='?page_no=21248'>Previous<\/a>\n\t<\/li>\n\n\n       \n    \n\n<li><a href='?page_no=1'>1<\/a><\/li>\n\n\n\n<li><a href='?page_no=2'>2<\/a><\/li>\n\n\n\n<li><a>...<\/a><\/li>\n\n\n\n<li><a href='?page_no=21247'>21247<\/a><\/li>\n\n\n\n<li><a href='?page_no=21248'>21248<\/a><\/li>\n\n\n\n<li class='active'><a>21249<\/a><\/li>\n\n\n\n<li><a href='?page_no=21250'>21250<\/a><\/li>\n\n\n\n<li><a href='?page_no=21251'>21251<\/a><\/li>\n\n\n\n<li><a>...<\/a><\/li>\n\n\n\n<li><a href='?page_no=22522'>22522<\/a><\/li>\n\n\n\n<li><a href='?page_no=22523'>22523<\/a><\/li>\n\n    \n\t\n\n<li >\n\t<a href='?page_no=21250'>Next<\/a>\n\t<\/li>\n\n\n    \n\n<li><a href='?page_no=22523'>Last &rsaquo;&rsaquo;<\/a><\/li>\n\n<\/ul>\n\n\n--><br \/>\n<\/body><\/p>\n","protected":false},"excerpt":{"rendered":"<p>Crean Cooperativa Nacional de Ahorro y Producci\u00f3n de los Artistas Dominicanos Coopnaproartdo &#13; Santo Domingo, D. N.- Decenas de artistas en el \u00e1rea del canto, m\u00fasica, bailarines, locutores, actores, productores de televisi\u00f3n,\u00a0 t\u00e9cnicos audiovisuales y editores de televisi\u00f3n constituyeron en la tarde de ayer el Comit\u00e9 Gestor de la Cooperativa Nacional de Ahorro y\u00a0 Producci\u00f3n [&hellip;]<\/p>\n","protected":false},"author":3,"featured_media":0,"comment_status":"open","ping_status":"open","sticky":false,"template":"","format":"standard","meta":{"footnotes":""},"categories":[25],"tags":[],"class_list":["post-92627","post","type-post","status-publish","format-standard","hentry","category-gente"],"_links":{"self":[{"href":"https:\/\/diariodominicano.com\/index.php?rest_route=\/wp\/v2\/posts\/92627","targetHints":{"allow":["GET"]}}],"collection":[{"href":"https:\/\/diariodominicano.com\/index.php?rest_route=\/wp\/v2\/posts"}],"about":[{"href":"https:\/\/diariodominicano.com\/index.php?rest_route=\/wp\/v2\/types\/post"}],"author":[{"embeddable":true,"href":"https:\/\/diariodominicano.com\/index.php?rest_route=\/wp\/v2\/users\/3"}],"replies":[{"embeddable":true,"href":"https:\/\/diariodominicano.com\/index.php?rest_route=%2Fwp%2Fv2%2Fcomments&post=92627"}],"version-history":[{"count":0,"href":"https:\/\/diariodominicano.com\/index.php?rest_route=\/wp\/v2\/posts\/92627\/revisions"}],"wp:attachment":[{"href":"https:\/\/diariodominicano.com\/index.php?rest_route=%2Fwp%2Fv2%2Fmedia&parent=92627"}],"wp:term":[{"taxonomy":"category","embeddable":true,"href":"https:\/\/diariodominicano.com\/index.php?rest_route=%2Fwp%2Fv2%2Fcategories&post=92627"},{"taxonomy":"post_tag","embeddable":true,"href":"https:\/\/diariodominicano.com\/index.php?rest_route=%2Fwp%2Fv2%2Ftags&post=92627"}],"curies":[{"name":"wp","href":"https:\/\/api.w.org\/{rel}","templated":true}]}}