{"id":92623,"date":"2008-07-10T01:03:33","date_gmt":"2008-07-10T01:03:33","guid":{"rendered":"http:\/\/diariodominicano.ddns.net\/?p=92623"},"modified":"2008-07-10T01:03:33","modified_gmt":"2008-07-10T01:03:33","slug":"cinemateca-en-alta-definicion","status":"publish","type":"post","link":"https:\/\/diariodominicano.com\/?p=92623","title":{"rendered":"Cinemateca en \u201cAlta definici\u00f3n\u201d"},"content":{"rendered":"<p><body><\/p>\n<h4 class=\"titulogrande1\">Cinemateca en  \u201cAlta definici\u00f3n\u201d<\/h4>\n<p>&#13;<\/p>\n<p align=\"justify\" class=\"text1noticias\"><img loading=\"lazy\" decoding=\"async\" src=\"http:\/\/localhost:8080\/gente\/img\/ciclo cine.jpg\" width=\"375\" height=\"663\" hspace=\"4\" align=\"left\" \/>La Cinemateca Dominicana nunca se vio mejor. Esta semana te invita  a explorar la m\u00e1s alta tecnolog\u00eda que promete revolucionar el cine con el ciclo  denominado \u201cFicci\u00f3n de alta definici\u00f3n\u201d. Como un complemento a la renovaci\u00f3n  tecnol\u00f3gica a que fuera sometida la Cinemateca el pasado a\u00f1o, en esta ocasi\u00f3n se  estrenan los nuevos reproductores digitales, con los nuevos formatos lanzados  al mercado como el Blue Ray y el High Definition DVD. <\/p>\n<p>&#13;<\/p>\n<p align=\"justify\" class=\"text1noticias\">Esta tecnolog\u00eda, que ha  transformado el cine a todos sus niveles, tanto en la producci\u00f3n, exhibici\u00f3n y  los canales de distribuci\u00f3n, viene a  satisfacer la aspiraci\u00f3n de los cineastas de producir im\u00e1genes y sonido con  impresionantes niveles de calidad, lo que a su vez le permite al p\u00fablico un mayor  \u00e1ngulo de visi\u00f3n y una apreciaci\u00f3n m\u00e1s perfecta de los detalles y efectos de  sonido. El resultado es llevar a la vida la experiencia cinematogr\u00e1fica con  mayor claridad y calidad que nunca. <\/p>\n<p>&#13;<\/p>\n<p align=\"justify\" class=\"text1noticias\">El ciclo se inaugura con la obra maestra  del g\u00e9nero de ciencia ficci\u00f3n,\u00a0 \u201cBlade  Runner\u201d, que ser\u00e1 exhibida en su nueva  versi\u00f3n con el corte final del director Ridley Scott, que fue estrenada en el  Festival de Cine de Venecia del pasado a\u00f1o. Se trata de una pel\u00edcula sublime, magistral en su  desarrollo, brillante en su formato e inquietante en su trasfondo, que  transcurre en una deshumanizada y mestiza megal\u00f3polis, en un futuro de ne\u00f3n,  publicidad ubicua y vapores masticables.<\/p>\n<p>&#13;<\/p>\n<p align=\"justify\" class=\"text1noticias\">La programaci\u00f3n contin\u00faa con dos pel\u00edculas  que se adelantaron a su \u00e9poca y que hicieron de Stanley Kubrick uno de los  realizadores m\u00e1s visionarios de todos los tiempos: \u201c2001: Una odisea del  espacio\u201d y \u201cLa naranja mec\u00e1nica\u201d. La primera, el film de ciencia ficci\u00f3n de  culto por excelencia de la historia del cine, relata la historia de la humanidad en  diversos estadios del pasado y del futuro. La elipsis del hueso-espacio, el  monolito y el enmudecimiento de Hal forman ya parte de la iconograf\u00eda del  siglo.\u00a0 <\/p>\n<p>&#13;<\/p>\n<p align=\"justify\" class=\"text1noticias\">\u201cLa naranja mec\u00e1nica\u201d, por su parte, es  una pol\u00e9mica,  extra\u00f1a y magn\u00e9tica visi\u00f3n de la ultraviolencia a ritmo de Beethoven, una  encarnizada s\u00e1tira de una sociedad futura consumida por la violencia y el  salvajismo. En fin, Kubrick en estado puro, con sus defectos y sus virtudes.<\/p>\n<p>&#13;<\/p>\n<p align=\"justify\" class=\"text1noticias\">Adem\u00e1s, ser\u00e1 proyectada \u201cEncuentros  cercanos del tercer tipo\u201d, un verdadero cl\u00e1sico del cine fant\u00e1stico, cuya nueva edici\u00f3n fue lanzada recientemente con  motivo de su 30 aniversario. Esta cinta, dirigida por Steven Spielberg, es una \u201cabducci\u00f3n  necesaria\u201d, el relato fascinante de los extra\u00f1os sucesos relacionados con la  aparici\u00f3n de misteriosos Ovnis. <\/p>\n<p>&#13;<\/p>\n<p align=\"justify\" class=\"text1noticias\">Otros realizadores consagrados que fortalecen  la programaci\u00f3n \u00a0del ciclo son Terry Gilliam, con \u201c12 Monkeys\u201d, Francis Ford  Coppola, con \u201cDr\u00e1cula de  Bram Stoker\u201d y su \u00faltima obra \u201cJuventud sin juventud\u201d, y Luc Besson, con \u201cEl  quinto elemento\u201d. <\/p>\n<p>&#13;<\/p>\n<p align=\"justify\" class=\"text1noticias\">Entre las nuevas visiones fant\u00e1sticas de directores  m\u00e1s contempor\u00e1neos est\u00e1n las de Darren Aronofsky, con \u201cThe Fountain\u201d, Alfonso Cuar\u00f3n, con \u201cChildren of Men\u201d, Guillermo  del Toro, con \u201cEl laberinto del fauno\u201d, Danny Boyle con \u201cSunshine\u201d, y Andrew Niccol, con \u201cGattaca\u201d. <\/p>\n<p>&#13;<\/p>\n<p align=\"justify\" class=\"text1noticias\">El Ciclo Ficci\u00f3n de alta definici\u00f3n est\u00e1  complementado con la exhibici\u00f3n de \u201cLos incre\u00edbles\u201d, de Brad Bird, el  domingo a las 4:00 p.m., en la tanda infantil.<\/p>\n<p>&#13;<\/p>\n<p align=\"justify\" class=\"text1noticias\">La   Cinemateca Dominicana, siempre a la  vanguardia con las nuevas tecnolog\u00edas, desarrollar\u00e1 este fant\u00e1stico recorrido  cinematogr\u00e1fico de alta definici\u00f3n en su sala principal desde el jueves 10  hasta el mi\u00e9rcoles 16 de julio, en todas sus tandas (5:30 p.m., 7:30 p.m. y  9:30 p.m.), adem\u00e1s de los domingos a la 4:00 de la tarde, en su funci\u00f3n infantil,  Para m\u00e1s informaci\u00f3n, entre a la p\u00e1gina www.cinematecadominicana.org, o llame al 689-6102. <\/p>\n<p>&#13;<\/p>\n<h6> 2008-07-10 01:03:33 <\/h6>\n<p><!--\n<link rel=\"stylesheet\" href=\"css\/bootstrap.min.css\">\n\n\n<ul class=\"pagination\">\n\t    \n\t\n\n<li >\n\t<a href='?page_no=21244'>Previous<\/a>\n\t<\/li>\n\n\n       \n    \n\n<li><a href='?page_no=1'>1<\/a><\/li>\n\n\n\n<li><a href='?page_no=2'>2<\/a><\/li>\n\n\n\n<li><a>...<\/a><\/li>\n\n\n\n<li><a href='?page_no=21243'>21243<\/a><\/li>\n\n\n\n<li><a href='?page_no=21244'>21244<\/a><\/li>\n\n\n\n<li class='active'><a>21245<\/a><\/li>\n\n\n\n<li><a href='?page_no=21246'>21246<\/a><\/li>\n\n\n\n<li><a href='?page_no=21247'>21247<\/a><\/li>\n\n\n\n<li><a>...<\/a><\/li>\n\n\n\n<li><a href='?page_no=22522'>22522<\/a><\/li>\n\n\n\n<li><a href='?page_no=22523'>22523<\/a><\/li>\n\n    \n\t\n\n<li >\n\t<a href='?page_no=21246'>Next<\/a>\n\t<\/li>\n\n\n    \n\n<li><a href='?page_no=22523'>Last &rsaquo;&rsaquo;<\/a><\/li>\n\n<\/ul>\n\n\n--><br \/>\n<\/body><\/p>\n","protected":false},"excerpt":{"rendered":"<p>Cinemateca en \u201cAlta definici\u00f3n\u201d &#13; La Cinemateca Dominicana nunca se vio mejor. Esta semana te invita a explorar la m\u00e1s alta tecnolog\u00eda que promete revolucionar el cine con el ciclo denominado \u201cFicci\u00f3n de alta definici\u00f3n\u201d. Como un complemento a la renovaci\u00f3n tecnol\u00f3gica a que fuera sometida la Cinemateca el pasado a\u00f1o, en esta ocasi\u00f3n se [&hellip;]<\/p>\n","protected":false},"author":3,"featured_media":0,"comment_status":"open","ping_status":"open","sticky":false,"template":"","format":"standard","meta":{"footnotes":""},"categories":[25],"tags":[],"class_list":["post-92623","post","type-post","status-publish","format-standard","hentry","category-gente"],"_links":{"self":[{"href":"https:\/\/diariodominicano.com\/index.php?rest_route=\/wp\/v2\/posts\/92623","targetHints":{"allow":["GET"]}}],"collection":[{"href":"https:\/\/diariodominicano.com\/index.php?rest_route=\/wp\/v2\/posts"}],"about":[{"href":"https:\/\/diariodominicano.com\/index.php?rest_route=\/wp\/v2\/types\/post"}],"author":[{"embeddable":true,"href":"https:\/\/diariodominicano.com\/index.php?rest_route=\/wp\/v2\/users\/3"}],"replies":[{"embeddable":true,"href":"https:\/\/diariodominicano.com\/index.php?rest_route=%2Fwp%2Fv2%2Fcomments&post=92623"}],"version-history":[{"count":0,"href":"https:\/\/diariodominicano.com\/index.php?rest_route=\/wp\/v2\/posts\/92623\/revisions"}],"wp:attachment":[{"href":"https:\/\/diariodominicano.com\/index.php?rest_route=%2Fwp%2Fv2%2Fmedia&parent=92623"}],"wp:term":[{"taxonomy":"category","embeddable":true,"href":"https:\/\/diariodominicano.com\/index.php?rest_route=%2Fwp%2Fv2%2Fcategories&post=92623"},{"taxonomy":"post_tag","embeddable":true,"href":"https:\/\/diariodominicano.com\/index.php?rest_route=%2Fwp%2Fv2%2Ftags&post=92623"}],"curies":[{"name":"wp","href":"https:\/\/api.w.org\/{rel}","templated":true}]}}