{"id":92622,"date":"2008-07-10T01:06:52","date_gmt":"2008-07-10T01:06:52","guid":{"rendered":"http:\/\/diariodominicano.ddns.net\/?p=92622"},"modified":"2008-07-10T01:06:52","modified_gmt":"2008-07-10T01:06:52","slug":"vuelve-en-agosto-expo-monte-plata","status":"publish","type":"post","link":"https:\/\/diariodominicano.com\/?p=92622","title":{"rendered":"Vuelve en Agosto Expo Monte Plata"},"content":{"rendered":"<p><body><\/p>\n<p class=\"titulogrande1\">Vuelve en Agosto Expo Monte Plata<\/p>\n<p>&#13;<\/p>\n<p align=\"justify\" class=\"text1noticias\"><strong><img loading=\"lazy\" decoding=\"async\" src=\"http:\/\/localhost:8080\/gente\/img\/acroart.jpg\" width=\"375\" height=\"1436\" hspace=\"4\" align=\"left\" \/>Rep Dom.- <\/strong>Todas las fuerzas vivas de la  provincia Monte Plata estar\u00e1n presentes en la segunda versi\u00f3n de Expo Monte  2008, a realizarse en la Feria Ganadera del 1 al 3 de agosto pr\u00f3ximo.<br \/>&#13;<br \/>\n  <br \/>&#13;<br \/>\n  Este evento, \u00fanico en su especie,  fue iniciado en julio del 2007 como una idea y un proyecto de proyecci\u00f3n de la  provincia Monte Plata, de su senador Charlie Mariotti.<br \/>&#13;<br \/>\n  <br \/>&#13;<br \/>\n  Expo Monte Plata se inici\u00f3 como  parte del Plan Estrat\u00e9gico de Desarrollo de esa hasta hace poco marginada  provincia, en la que estar\u00e1n presentes los municipios que la componen: Sabana  Grande de Boy\u00e1, Yamas\u00e1, Bayaguana, Esperalvillo y Monte Plata.<br \/>&#13;<br \/>\n  <br \/>&#13;<br \/>\n  Con Expo Monte Plata 2008, la  Oficina de Gesti\u00f3n Senatorial pretende continuar \u201cejecutando el proceso de  visibilidad que vive la provincia\u201d.<br \/>&#13;<br \/>\n  <br \/>&#13;<br \/>\n  Tal y como pas\u00f3 el a\u00f1o pasado, que  fue visitada por m\u00e1s de 25 mil personas, en la Feria Ganadera se dar\u00e1 cita el  sector productivo y el tejido social de la provincia, con una muestra de sus  distintas ofertas agr\u00edcolas, ecotur\u00edsticas, ganaderas, agropecuarias,  art\u00edsticas y culturales.<br \/>&#13;<br \/>\n  <br \/>&#13;<br \/>\n  En ese sentido, el senador  Charlie Mariotti y su equipo de trabajo est\u00e1n organizando, adem\u00e1s de los  expositores y el montaje, un programa de actividades que permitir\u00e1 que durante  esos tres d\u00edas, el pa\u00eds, pueda constatar \u201ctoda la potencialidad econ\u00f3mica y de  desarrollo de nuestra provincia\u201d.<br \/>&#13;<br \/>\n  <br \/>&#13;<br \/>\n  Charlie Mariotti declar\u00f3 su  satisfacci\u00f3n con los resultados de la primera Expo Monte Plata \u201cla primera  actividad que lleva una provincia, con todas sus bondades y propuestas a la  capital del pa\u00eds y a la vista de los inversionistas que queremos captar para  que haciendo inversiones en Monte Plata, permita la absorci\u00f3n necesaria de los  miles de hombres y mujeres en capacidad y preparaci\u00f3n laboral y la utilizaci\u00f3n  de nuestros insumos en productos que finalmente tengan en su etiquetaci\u00f3n que  fueron hechos en Monte Plata\u201d. <br \/>&#13;<br \/>\n  <br \/>&#13;<br \/>\n  Junto a la Oficina de Gesti\u00f3n  Senatorial y la direcci\u00f3n ejecutiva de Expo Monte Plata que encabeza Adalberto  Rodr\u00edguez, est\u00e1 el se\u00f1or Miguel Polanco, director ejecutivo del Comit\u00e9 Organizador  y presidente de la Cooperativa La Candelaria.<br \/>&#13;<br \/>\n  <br \/>&#13;<br \/>\n  Mariotti explic\u00f3 que tan pronto  est\u00e9 completo el programa de actividades educativas, culturales, art\u00edsticas,  sociales, empresariales, gastron\u00f3micas y recreativas ser\u00e1 dado a conocer a  trav\u00e9s de los medios al p\u00fablico interesado.<br \/>&#13;<br \/>\n  <br \/>&#13;<br \/>\n  \u201cEste debe ser el encuentro  perfecto entre el pa\u00eds y Monte Plata.\u00a0 El  encuentro entre la Monte Plata de ayer y la de hoy. Para nosotros fue de una  gran satisfacci\u00f3n ver c\u00f3mo este evento se convirti\u00f3 el a\u00f1o pasado en la pasarela  del orgullo monteplate\u00f1o y el reencuentro de familiares, amigos y entidades con  lazos emocionales positivos con nuestros municipios y con todo lo que tenemos  que ofrecer al desarrollo del pa\u00eds, en un proceso en el que nosotros tambi\u00e9n  nos desarrollaremos a la vista de todos\u201d, expres\u00f3 el senador Charlie Mariotti.<\/p>\n<p>&#13;<\/p>\n<h6> 2008-07-10 01:06:52 <\/h6>\n<p><!--\n<link rel=\"stylesheet\" href=\"css\/bootstrap.min.css\">\n\n\n<ul class=\"pagination\">\n\t    \n\t\n\n<li >\n\t<a href='?page_no=21243'>Previous<\/a>\n\t<\/li>\n\n\n       \n    \n\n<li><a href='?page_no=1'>1<\/a><\/li>\n\n\n\n<li><a href='?page_no=2'>2<\/a><\/li>\n\n\n\n<li><a>...<\/a><\/li>\n\n\n\n<li><a href='?page_no=21242'>21242<\/a><\/li>\n\n\n\n<li><a href='?page_no=21243'>21243<\/a><\/li>\n\n\n\n<li class='active'><a>21244<\/a><\/li>\n\n\n\n<li><a href='?page_no=21245'>21245<\/a><\/li>\n\n\n\n<li><a href='?page_no=21246'>21246<\/a><\/li>\n\n\n\n<li><a>...<\/a><\/li>\n\n\n\n<li><a href='?page_no=22522'>22522<\/a><\/li>\n\n\n\n<li><a href='?page_no=22523'>22523<\/a><\/li>\n\n    \n\t\n\n<li >\n\t<a href='?page_no=21245'>Next<\/a>\n\t<\/li>\n\n\n    \n\n<li><a href='?page_no=22523'>Last &rsaquo;&rsaquo;<\/a><\/li>\n\n<\/ul>\n\n\n--><br \/>\n<\/body><\/p>\n","protected":false},"excerpt":{"rendered":"<p>Vuelve en Agosto Expo Monte Plata &#13; Rep Dom.- Todas las fuerzas vivas de la provincia Monte Plata estar\u00e1n presentes en la segunda versi\u00f3n de Expo Monte 2008, a realizarse en la Feria Ganadera del 1 al 3 de agosto pr\u00f3ximo.&#13; &#13; Este evento, \u00fanico en su especie, fue iniciado en julio del 2007 como [&hellip;]<\/p>\n","protected":false},"author":3,"featured_media":0,"comment_status":"open","ping_status":"open","sticky":false,"template":"","format":"standard","meta":{"footnotes":""},"categories":[25],"tags":[],"class_list":["post-92622","post","type-post","status-publish","format-standard","hentry","category-gente"],"_links":{"self":[{"href":"https:\/\/diariodominicano.com\/index.php?rest_route=\/wp\/v2\/posts\/92622","targetHints":{"allow":["GET"]}}],"collection":[{"href":"https:\/\/diariodominicano.com\/index.php?rest_route=\/wp\/v2\/posts"}],"about":[{"href":"https:\/\/diariodominicano.com\/index.php?rest_route=\/wp\/v2\/types\/post"}],"author":[{"embeddable":true,"href":"https:\/\/diariodominicano.com\/index.php?rest_route=\/wp\/v2\/users\/3"}],"replies":[{"embeddable":true,"href":"https:\/\/diariodominicano.com\/index.php?rest_route=%2Fwp%2Fv2%2Fcomments&post=92622"}],"version-history":[{"count":0,"href":"https:\/\/diariodominicano.com\/index.php?rest_route=\/wp\/v2\/posts\/92622\/revisions"}],"wp:attachment":[{"href":"https:\/\/diariodominicano.com\/index.php?rest_route=%2Fwp%2Fv2%2Fmedia&parent=92622"}],"wp:term":[{"taxonomy":"category","embeddable":true,"href":"https:\/\/diariodominicano.com\/index.php?rest_route=%2Fwp%2Fv2%2Fcategories&post=92622"},{"taxonomy":"post_tag","embeddable":true,"href":"https:\/\/diariodominicano.com\/index.php?rest_route=%2Fwp%2Fv2%2Ftags&post=92622"}],"curies":[{"name":"wp","href":"https:\/\/api.w.org\/{rel}","templated":true}]}}