{"id":92621,"date":"2008-07-10T01:09:38","date_gmt":"2008-07-10T01:09:38","guid":{"rendered":"http:\/\/diariodominicano.ddns.net\/?p=92621"},"modified":"2008-07-10T01:09:38","modified_gmt":"2008-07-10T01:09:38","slug":"seguros-worlwide-inaugura-mural","status":"publish","type":"post","link":"https:\/\/diariodominicano.com\/?p=92621","title":{"rendered":"Seguros WorlWide inaugura mural"},"content":{"rendered":"<p><body><\/p>\n<p align=\"justify\"><span class=\"titulogrande1\"><strong>Seguros WorlWide  inaugura mural<\/strong><\/span><strong><br \/>&#13;<br \/>\n  <\/strong><br \/>&#13;<br \/>\n  <span class=\"text1noticias\">Obra de Enriquillo Rodr\u00edguez  Amiama<\/span><\/p>\n<p>&#13;<\/p>\n<p align=\"justify\" class=\"text1noticias\"><strong><img loading=\"lazy\" decoding=\"async\" src=\"http:\/\/localhost:8080\/gente\/img\/murales.jpg\" width=\"375\" height=\"1010\" hspace=\"4\" align=\"left\" \/>Santo Domingo.- <\/strong>Seguros WorldWide empresa corresponsal  de\u00a0\u00a0 WorldWide Medical Assurance, en  apoyo al arte y la cultura, mediante un emotivo acto inaugur\u00f3\u00a0 un majestuoso mural, obra del destacado  artista dominicano Enriquillo Rodr\u00edguez Amiama.<\/p>\n<p>&#13;<\/p>\n<p align=\"justify\" class=\"text1noticias\">Las palabras centrales estuvieron a cargo del se\u00f1or Zanoni Selig, presidente de  Seguros WorldWide y WorldWide Medical Assurance, quien expuso su inter\u00e9s en  apoyar el arte nativo basado en el esp\u00edritu de servicio de la empresa con los  elementos bienestar, salud y familia, proporcionando alegr\u00eda al mundo  WorldWide. <\/p>\n<p>&#13;<\/p>\n<p align=\"justify\" class=\"text1noticias\">Del mismo modo, el pintor Enriquillo Rodr\u00edguez Amiama, se  dirigi\u00f3 a los invitados presentando su obra y dando detalles sobre los  elementos en los que se inspir\u00f3:\u00a0 La paz  mundial, la salud y el bienestar, representado en un gran globo terr\u00e1queo y en  los pa\u00edses que conforman Am\u00e9rica Latina, correspondiente a la visi\u00f3n en la que  est\u00e1 ligada la empresa. Adem\u00e1s, destac\u00f3 que el referido mural fue realizado en  las t\u00e9cnicas de \u00f3leo y acr\u00edlico. <\/p>\n<p>&#13;<\/p>\n<p align=\"justify\" class=\"text1noticias\">Las empresas del Grupo Worldwide, l\u00edderes en el mercado  de seguros internacionales en la regi\u00f3n, demuestran una vez m\u00e1s su compromiso  de apoyar el arte y la cultura. En su generalidad muestra un portafolio de productos  de salud y vida de alt\u00edsima calidad\u00a0  accesibles a una gran cantidad de familias que valoran estar protegidas  por el mayor respaldo. <\/p>\n<p>&#13;<\/p>\n<p align=\"justify\" class=\"text1noticias\">A la presentaci\u00f3n de la obra art\u00edstica asistieron los  reconocidos artistas Soucy de Pellerano, Ram\u00f3n Oviedo, Mar\u00eda Aybar, Miguel  N\u00fa\u00f1ez, Mariano Hern\u00e1ndez y Rafael Alba Dalmas\u00ed, as\u00ed como invitados especiales y  p\u00fablico en general.<\/p>\n<p>&#13;<\/p>\n<p align=\"justify\" class=\"text1noticias\"> En el transcurso de la actividad, los invitados  disfrutaron de un exquisito y variado brindis.<\/p>\n<p>&#13;<\/p>\n<h6> 2008-07-10 01:09:38 <\/h6>\n<p><!--\n<link rel=\"stylesheet\" href=\"css\/bootstrap.min.css\">\n\n\n<ul class=\"pagination\">\n\t    \n\t\n\n<li >\n\t<a href='?page_no=21242'>Previous<\/a>\n\t<\/li>\n\n\n       \n    \n\n<li><a href='?page_no=1'>1<\/a><\/li>\n\n\n\n<li><a href='?page_no=2'>2<\/a><\/li>\n\n\n\n<li><a>...<\/a><\/li>\n\n\n\n<li><a href='?page_no=21241'>21241<\/a><\/li>\n\n\n\n<li><a href='?page_no=21242'>21242<\/a><\/li>\n\n\n\n<li class='active'><a>21243<\/a><\/li>\n\n\n\n<li><a href='?page_no=21244'>21244<\/a><\/li>\n\n\n\n<li><a href='?page_no=21245'>21245<\/a><\/li>\n\n\n\n<li><a>...<\/a><\/li>\n\n\n\n<li><a href='?page_no=22522'>22522<\/a><\/li>\n\n\n\n<li><a href='?page_no=22523'>22523<\/a><\/li>\n\n    \n\t\n\n<li >\n\t<a href='?page_no=21244'>Next<\/a>\n\t<\/li>\n\n\n    \n\n<li><a href='?page_no=22523'>Last &rsaquo;&rsaquo;<\/a><\/li>\n\n<\/ul>\n\n\n--><br \/>\n<\/body><\/p>\n","protected":false},"excerpt":{"rendered":"<p>Seguros WorlWide inaugura mural&#13; &#13; Obra de Enriquillo Rodr\u00edguez Amiama &#13; Santo Domingo.- Seguros WorldWide empresa corresponsal de\u00a0\u00a0 WorldWide Medical Assurance, en apoyo al arte y la cultura, mediante un emotivo acto inaugur\u00f3\u00a0 un majestuoso mural, obra del destacado artista dominicano Enriquillo Rodr\u00edguez Amiama. &#13; Las palabras centrales estuvieron a cargo del se\u00f1or Zanoni Selig, [&hellip;]<\/p>\n","protected":false},"author":3,"featured_media":0,"comment_status":"open","ping_status":"open","sticky":false,"template":"","format":"standard","meta":{"footnotes":""},"categories":[25],"tags":[],"class_list":["post-92621","post","type-post","status-publish","format-standard","hentry","category-gente"],"_links":{"self":[{"href":"https:\/\/diariodominicano.com\/index.php?rest_route=\/wp\/v2\/posts\/92621","targetHints":{"allow":["GET"]}}],"collection":[{"href":"https:\/\/diariodominicano.com\/index.php?rest_route=\/wp\/v2\/posts"}],"about":[{"href":"https:\/\/diariodominicano.com\/index.php?rest_route=\/wp\/v2\/types\/post"}],"author":[{"embeddable":true,"href":"https:\/\/diariodominicano.com\/index.php?rest_route=\/wp\/v2\/users\/3"}],"replies":[{"embeddable":true,"href":"https:\/\/diariodominicano.com\/index.php?rest_route=%2Fwp%2Fv2%2Fcomments&post=92621"}],"version-history":[{"count":0,"href":"https:\/\/diariodominicano.com\/index.php?rest_route=\/wp\/v2\/posts\/92621\/revisions"}],"wp:attachment":[{"href":"https:\/\/diariodominicano.com\/index.php?rest_route=%2Fwp%2Fv2%2Fmedia&parent=92621"}],"wp:term":[{"taxonomy":"category","embeddable":true,"href":"https:\/\/diariodominicano.com\/index.php?rest_route=%2Fwp%2Fv2%2Fcategories&post=92621"},{"taxonomy":"post_tag","embeddable":true,"href":"https:\/\/diariodominicano.com\/index.php?rest_route=%2Fwp%2Fv2%2Ftags&post=92621"}],"curies":[{"name":"wp","href":"https:\/\/api.w.org\/{rel}","templated":true}]}}