{"id":92620,"date":"2008-07-10T23:47:23","date_gmt":"2008-07-10T23:47:23","guid":{"rendered":"http:\/\/diariodominicano.ddns.net\/?p=92620"},"modified":"2008-07-10T23:47:23","modified_gmt":"2008-07-10T23:47:23","slug":"raymond-sale-al-frente-rumores","status":"publish","type":"post","link":"https:\/\/diariodominicano.com\/?p=92620","title":{"rendered":"Raymond sale al frente rumores"},"content":{"rendered":"<p><body><\/p>\n<p><strong>Bachata<\/strong><br \/>&#13;<br \/>\n   <br \/>&#13;<br \/>\n     <strong class=\"titulogrande1\">Raymond sale al frente rumores<\/strong><\/p>\n<p>&#13;<\/p>\n<p><strong>Pide a p\u00e1gina Web que\u00a0se retracte <\/strong><\/p>\n<p>&#13;<\/p>\n<p align=\"justify\" class=\"text1noticias\"><strong><img loading=\"lazy\" decoding=\"async\" src=\"http:\/\/localhost:8080\/gente\/img\/raymond.jpg\" width=\"375\" height=\"376\" hspace=\"4\" align=\"left\" \/>Rep Dom.- <\/strong>El int\u00e9rprete del g\u00e9nero bachata, Raymond,  quien suena insistentemente en la radio nacional con su corte \u201cLa Ley de la Vida\u201d, bautizado por el  pueblo como \u201cLo que no sirve se bota\u201d, sali\u00f3 al frente\u00a0 a fuertes rumores, que dan cuenta que su  carrera est\u00e1 estancada, producto del descuido de su actual manager.<\/p>\n<p>&#13;<\/p>\n<p align=\"justify\" class=\"text1noticias\">Explic\u00f3 que p\u00e1ginas de Internet en Estados  Unidos, se est\u00e1n dando a la tarea \u201cde divulgar informaciones\u00a0 falsas, que dan cuenta, que su carrera est\u00e1  paralizada, porque su manejador, Sergio Santiago, no puede compartir dos  roles\u201d.<\/p>\n<p>&#13;<\/p>\n<p align=\"justify\" class=\"text1noticias\">\u201cLa p\u00e1gina Bachata 106, se ha dado a la pr\u00e1ctica  de querer da\u00f1ar mi reputaci\u00f3n y emitir juicios cargados de falta de veracidad,  porque todo lo que dicen, es falso, tiene que documentarse\u201d, apunt\u00f3.<\/p>\n<p>&#13;<\/p>\n<p align=\"justify\" class=\"text1noticias\">Raymond, manejado por\u00a0 Sergio Santiago, quien tiene igual funci\u00f3n  con el popular int\u00e9rprete, Frank Reyes, indic\u00f3 que el p\u00fablico dominicano, ha  aceptado sus composiciones, \u201cigual  sucede en Espa\u00f1a, Estados Unidos, Honduras y Canad\u00e1\u201d.<\/p>\n<p>&#13;<\/p>\n<p align=\"justify\" class=\"text1noticias\">Cortes como \u201cCon tu regreso\u201d y \u201cMi vida ya  cambio\u201d, tambi\u00e9n se han dejado escuchar  en la radio nacional, principalmente en zonas del Este y Sur, de Republica  Dominicana.<\/p>\n<p>&#13;<\/p>\n<p align=\"justify\" class=\"text1noticias\">El joven interprete, se\u00f1al\u00f3 que una muestra  de la pegada de su carrera, lo \u201ces que el pr\u00f3ximo mes de octubre viajaran a la  ciudad de New York, contratado por el empresario art\u00edstico, Roberto Almonte,  quien desde ya nos informa, que estamos bien posicionado\u201d.<\/p>\n<p>&#13;<\/p>\n<p align=\"justify\" class=\"text1noticias\">Su produccion \u201cCon tu regreso\u201d, est\u00e1 en el  mercado del disco local, y seg\u00fan explic\u00f3 el exponente del ritmo amargue, consta  de 14 composiciones, \u201cde la que dijo tiene temas de su autor\u00eda, adaptaciones y  de su director musical Rafael N\u00fa\u00f1ez\u201d.<\/p>\n<p>&#13;<\/p>\n<p align=\"justify\" class=\"text1noticias\">\u201cEspero, que la p\u00e1gina especializada en  bachata, en Estados Unidos, se retracte, y a partir de este momento, diga la  verdad sobre mi carrera, tanto en Republica Dominicana, como Estados Unidos o  de lo contrario procederemos legalmente\u201d, concluy\u00f3.<\/p>\n<p>&#13;<\/p>\n<h6> 2008-07-10 23:47:23 <\/h6>\n<p><!--\n<link rel=\"stylesheet\" href=\"css\/bootstrap.min.css\">\n\n\n<ul class=\"pagination\">\n\t    \n\t\n\n<li >\n\t<a href='?page_no=21241'>Previous<\/a>\n\t<\/li>\n\n\n       \n    \n\n<li><a href='?page_no=1'>1<\/a><\/li>\n\n\n\n<li><a href='?page_no=2'>2<\/a><\/li>\n\n\n\n<li><a>...<\/a><\/li>\n\n\n\n<li><a href='?page_no=21240'>21240<\/a><\/li>\n\n\n\n<li><a href='?page_no=21241'>21241<\/a><\/li>\n\n\n\n<li class='active'><a>21242<\/a><\/li>\n\n\n\n<li><a href='?page_no=21243'>21243<\/a><\/li>\n\n\n\n<li><a href='?page_no=21244'>21244<\/a><\/li>\n\n\n\n<li><a>...<\/a><\/li>\n\n\n\n<li><a href='?page_no=22522'>22522<\/a><\/li>\n\n\n\n<li><a href='?page_no=22523'>22523<\/a><\/li>\n\n    \n\t\n\n<li >\n\t<a href='?page_no=21243'>Next<\/a>\n\t<\/li>\n\n\n    \n\n<li><a href='?page_no=22523'>Last &rsaquo;&rsaquo;<\/a><\/li>\n\n<\/ul>\n\n\n--><br \/>\n<\/body><\/p>\n","protected":false},"excerpt":{"rendered":"<p>Bachata&#13; &#13; Raymond sale al frente rumores &#13; Pide a p\u00e1gina Web que\u00a0se retracte &#13; Rep Dom.- El int\u00e9rprete del g\u00e9nero bachata, Raymond, quien suena insistentemente en la radio nacional con su corte \u201cLa Ley de la Vida\u201d, bautizado por el pueblo como \u201cLo que no sirve se bota\u201d, sali\u00f3 al frente\u00a0 a fuertes rumores, [&hellip;]<\/p>\n","protected":false},"author":3,"featured_media":0,"comment_status":"open","ping_status":"open","sticky":false,"template":"","format":"standard","meta":{"footnotes":""},"categories":[25],"tags":[],"class_list":["post-92620","post","type-post","status-publish","format-standard","hentry","category-gente"],"_links":{"self":[{"href":"https:\/\/diariodominicano.com\/index.php?rest_route=\/wp\/v2\/posts\/92620","targetHints":{"allow":["GET"]}}],"collection":[{"href":"https:\/\/diariodominicano.com\/index.php?rest_route=\/wp\/v2\/posts"}],"about":[{"href":"https:\/\/diariodominicano.com\/index.php?rest_route=\/wp\/v2\/types\/post"}],"author":[{"embeddable":true,"href":"https:\/\/diariodominicano.com\/index.php?rest_route=\/wp\/v2\/users\/3"}],"replies":[{"embeddable":true,"href":"https:\/\/diariodominicano.com\/index.php?rest_route=%2Fwp%2Fv2%2Fcomments&post=92620"}],"version-history":[{"count":0,"href":"https:\/\/diariodominicano.com\/index.php?rest_route=\/wp\/v2\/posts\/92620\/revisions"}],"wp:attachment":[{"href":"https:\/\/diariodominicano.com\/index.php?rest_route=%2Fwp%2Fv2%2Fmedia&parent=92620"}],"wp:term":[{"taxonomy":"category","embeddable":true,"href":"https:\/\/diariodominicano.com\/index.php?rest_route=%2Fwp%2Fv2%2Fcategories&post=92620"},{"taxonomy":"post_tag","embeddable":true,"href":"https:\/\/diariodominicano.com\/index.php?rest_route=%2Fwp%2Fv2%2Ftags&post=92620"}],"curies":[{"name":"wp","href":"https:\/\/api.w.org\/{rel}","templated":true}]}}