{"id":92618,"date":"2008-07-14T17:46:20","date_gmt":"2008-07-14T17:46:20","guid":{"rendered":"http:\/\/diariodominicano.ddns.net\/?p=92618"},"modified":"2008-07-14T17:46:20","modified_gmt":"2008-07-14T17:46:20","slug":"leire-martinez-se-presenta-como-la-nueva-cantante-de-la-oreja-de-van-gogh","status":"publish","type":"post","link":"https:\/\/diariodominicano.com\/?p=92618","title":{"rendered":"Leire Mart\u00ednez se presenta como la nueva cantante de La Oreja de Van Gogh"},"content":{"rendered":"<p><body><\/p>\n<p align=\"justify\"><strong class=\"titulogrande1\">Leire Mart\u00ednez se presenta como la nueva cantante de La Oreja de Van Gogh<\/strong><br \/>&#13;<br \/>\n  <br \/>&#13;<br \/>\n    <span class=\"text1noticias\">La concursante de Factor X sustituir\u00e1 a Amaia Montero como vocalista en el  grupo musical <br \/>&#13;<br \/>\n    <br \/>&#13;<br \/>\n    <strong>ELPA\u00cdS.com<\/strong> &#8211; Madrid &#8211; 14\/07\/2008 <\/span><\/p>\n<p>&#13;<\/p>\n<p align=\"justify\" class=\"text1noticias\"><img loading=\"lazy\" decoding=\"async\" src=\"http:\/\/localhost:8080\/gente\/img\/leire martinez.jpg\" width=\"375\" height=\"510\" hspace=\"4\" align=\"left\" \/>Es guipuzcoana, tiene 29 a\u00f1os y  fue finalista de Factor X. As\u00ed es la nueva cantante y cara m\u00e1s visible de La  Oreja de Van Gogh. La joven cantante ha sido presentada a las 11:00 de esta  misma ma\u00f1ana en la Casa de Am\u00e9rica de Madrid como la nueva vocalista de la  formaci\u00f3n donostiarra, en una rueda de prensa en la que el grupo tambi\u00e9n ha  desvelado el t\u00edtulo de su esperado disco de regreso que se publica en pr\u00f3ximo 2  de septiembre.<br \/>&#13;<br \/>\n  <br \/>&#13;<br \/>\n  Desde la separaci\u00f3n de Amaia  Montero del grupo hace un a\u00f1o han sido muchas las especulaciones sobre quien la  sustituir\u00eda al frente de LODVG, y mucha la expectaci\u00f3n creada entorno al nuevo  \u00e1lbum, a c\u00f3mo sonar\u00e1 y si dar\u00e1 o no un giro en cuanto a sus propuestas  musicales. Una sonriente Leire Mart\u00ednez se ha presentado hoy ante todos en una  sala abarrotada de medios, presentaci\u00f3n a la que ha seguido una peque\u00f1a  actuaci\u00f3n en la que la vocalista y el teclista del grupo donostiarra, Xabi San  Mart\u00edn, han interpretado otro de los temas nuevos que cuenta la historia de una  pareja que viaja en uno de los trenes en los que estallaron las bombas de los  atentados del 11-M.<br \/>&#13;<br \/>\n  <br \/>&#13;<br \/>\n  Leire Mart\u00ednez se ha mostrado  nerviosa, pero con ilusi\u00f3n y ha afirmado que est\u00e1 viviendo \u00abun sue\u00f1o\u00bb  y que tanto ella como el resto del grupo est\u00e1n muy emocionados con el resultado  del nuevo \u00e1lbum que saldr\u00e1 a la venta el pr\u00f3ximo mes de septiembre.<br \/>&#13;<br \/>\n  <br \/>&#13;<br \/>\n  Con la presentaci\u00f3n en sociedad de  la sustituta de Amaia Montero se cierra una etapa en la larga carrera del  grupo, que ha sido recuperada en el recopilatorio <em>La Oreja de Van Gogh  Grandes \u00e9xitos<\/em>. El elep\u00e9 con la nueva vocalista se ha grabado en los meses  de mayo y junio de 2008, y ha sido producido por Nigel Walker y masterizado en  Gateway Mastering por Bob Ludwig, que cuenta en su palmar\u00e9s con m\u00e1s de 35  premios Grammy gracias a sus trabajos con Coldplay, Jimi Hendrix, Nirvana o  Pearl Jam, entre otros artistas.<\/p>\n<p>&#13;<\/p>\n<h6> 2008-07-14 17:46:20 <\/h6>\n<p><!--\n<link rel=\"stylesheet\" href=\"css\/bootstrap.min.css\">\n\n\n<ul class=\"pagination\">\n\t    \n\t\n\n<li >\n\t<a href='?page_no=21239'>Previous<\/a>\n\t<\/li>\n\n\n       \n    \n\n<li><a href='?page_no=1'>1<\/a><\/li>\n\n\n\n<li><a href='?page_no=2'>2<\/a><\/li>\n\n\n\n<li><a>...<\/a><\/li>\n\n\n\n<li><a href='?page_no=21238'>21238<\/a><\/li>\n\n\n\n<li><a href='?page_no=21239'>21239<\/a><\/li>\n\n\n\n<li class='active'><a>21240<\/a><\/li>\n\n\n\n<li><a href='?page_no=21241'>21241<\/a><\/li>\n\n\n\n<li><a href='?page_no=21242'>21242<\/a><\/li>\n\n\n\n<li><a>...<\/a><\/li>\n\n\n\n<li><a href='?page_no=22522'>22522<\/a><\/li>\n\n\n\n<li><a href='?page_no=22523'>22523<\/a><\/li>\n\n    \n\t\n\n<li >\n\t<a href='?page_no=21241'>Next<\/a>\n\t<\/li>\n\n\n    \n\n<li><a href='?page_no=22523'>Last &rsaquo;&rsaquo;<\/a><\/li>\n\n<\/ul>\n\n\n--><br \/>\n<\/body><\/p>\n","protected":false},"excerpt":{"rendered":"<p>Leire Mart\u00ednez se presenta como la nueva cantante de La Oreja de Van Gogh&#13; &#13; La concursante de Factor X sustituir\u00e1 a Amaia Montero como vocalista en el grupo musical &#13; &#13; ELPA\u00cdS.com &#8211; Madrid &#8211; 14\/07\/2008 &#13; Es guipuzcoana, tiene 29 a\u00f1os y fue finalista de Factor X. As\u00ed es la nueva cantante y [&hellip;]<\/p>\n","protected":false},"author":3,"featured_media":0,"comment_status":"open","ping_status":"open","sticky":false,"template":"","format":"standard","meta":{"footnotes":""},"categories":[25],"tags":[],"class_list":["post-92618","post","type-post","status-publish","format-standard","hentry","category-gente"],"_links":{"self":[{"href":"https:\/\/diariodominicano.com\/index.php?rest_route=\/wp\/v2\/posts\/92618","targetHints":{"allow":["GET"]}}],"collection":[{"href":"https:\/\/diariodominicano.com\/index.php?rest_route=\/wp\/v2\/posts"}],"about":[{"href":"https:\/\/diariodominicano.com\/index.php?rest_route=\/wp\/v2\/types\/post"}],"author":[{"embeddable":true,"href":"https:\/\/diariodominicano.com\/index.php?rest_route=\/wp\/v2\/users\/3"}],"replies":[{"embeddable":true,"href":"https:\/\/diariodominicano.com\/index.php?rest_route=%2Fwp%2Fv2%2Fcomments&post=92618"}],"version-history":[{"count":0,"href":"https:\/\/diariodominicano.com\/index.php?rest_route=\/wp\/v2\/posts\/92618\/revisions"}],"wp:attachment":[{"href":"https:\/\/diariodominicano.com\/index.php?rest_route=%2Fwp%2Fv2%2Fmedia&parent=92618"}],"wp:term":[{"taxonomy":"category","embeddable":true,"href":"https:\/\/diariodominicano.com\/index.php?rest_route=%2Fwp%2Fv2%2Fcategories&post=92618"},{"taxonomy":"post_tag","embeddable":true,"href":"https:\/\/diariodominicano.com\/index.php?rest_route=%2Fwp%2Fv2%2Ftags&post=92618"}],"curies":[{"name":"wp","href":"https:\/\/api.w.org\/{rel}","templated":true}]}}