{"id":92617,"date":"2008-07-14T17:49:24","date_gmt":"2008-07-14T17:49:24","guid":{"rendered":"http:\/\/diariodominicano.ddns.net\/?p=92617"},"modified":"2008-07-14T17:49:24","modified_gmt":"2008-07-14T17:49:24","slug":"madonna-y-britney-saldrian-desnudas-en-nuevo-video","status":"publish","type":"post","link":"https:\/\/diariodominicano.com\/?p=92617","title":{"rendered":"Madonna y Britney saldr\u00edan desnudas en nuevo video"},"content":{"rendered":"<p><body><\/p>\n<p align=\"justify\"><span class=\"titulogrande1\">Madonna y Britney saldr\u00edan desnudas en nuevo video <\/span><br \/>&#13;<br \/>\n  <br \/>&#13;<br \/>\n    <span class=\"text1noticias\">La reina y la princesa del pop, bailar\u00edan sin ropa en un  nuevo videoclip que se emitir\u00e1 en los recitales de Madonna. <\/span><\/p>\n<p>&#13;<\/p>\n<p align=\"justify\" class=\"text1noticias\"><img loading=\"lazy\" decoding=\"async\" src=\"http:\/\/localhost:8080\/gente\/img\/madonna britney.jpg\" width=\"375\" height=\"270\" hspace=\"4\" align=\"left\" \/>El video de Madonna y Britney Spears, se proyectar\u00e1 durante  la pr\u00f3xima gira mundial de la reina del pop, y el diario brit\u00e1nico The Sun  revel\u00f3 que las cantantes se despojar\u00e1n lentamente de las peque\u00f1as prendas de  piel con las que est\u00e1n vestidas en el video.<br \/>&#13;<br \/>\n  <br \/>&#13;<br \/>\n  En la escena aparecer\u00e1n bailarines hombres vestidos tambi\u00e9n  de cuero. Una fuente cercana al set de grabaci\u00f3n dijo que\u00a0 \u00abes  absolutamente la cl\u00e1sica Madonna. Probablemente el material m\u00e1s sensual que  haya hecho. No deja nada a la imaginaci\u00f3n y ser\u00e1 muy controvertido\u00bb.<br \/>&#13;<br \/>\n  <br \/>&#13;<br \/>\n  \u00abBritney y Madonna son desvestidas como momias, y  aparecer\u00e1n juntas casi desnudas, s\u00f3lo vestidas con un peque\u00f1o short de piel y  unas botas altas, las dos bailan muy cerca la una de la otra, presionando sus  manos y sus cuerpos\u00bb, se\u00f1al\u00f3 la fuente a la publicaci\u00f3n.<br \/>&#13;<br \/>\n<br \/>&#13;<br \/>\nLas escenas del video se realizan en un estudio de  Hollywood, y se ha especulado que el video refleja la intenci\u00f3n de Madonna de  catapultar el relanzamiento de la carrera musical de Britney Spears.<br \/>&#13;<br \/>\n<br \/>&#13;<br \/>\nAl respecto Spears dijo estar emocionada por la colaboraci\u00f3n  que tendr\u00e1 con Madonna y est\u00e1 convencida de que gracias a su trabajo se merec\u00eda  la invitaci\u00f3n de la Reina del Pop.<\/p>\n<p>&#13;<\/p>\n<h6> 2008-07-14 17:49:24 <\/h6>\n<p><!--\n<link rel=\"stylesheet\" href=\"css\/bootstrap.min.css\">\n\n\n<ul class=\"pagination\">\n\t    \n\t\n\n<li >\n\t<a href='?page_no=21238'>Previous<\/a>\n\t<\/li>\n\n\n       \n    \n\n<li><a href='?page_no=1'>1<\/a><\/li>\n\n\n\n<li><a href='?page_no=2'>2<\/a><\/li>\n\n\n\n<li><a>...<\/a><\/li>\n\n\n\n<li><a href='?page_no=21237'>21237<\/a><\/li>\n\n\n\n<li><a href='?page_no=21238'>21238<\/a><\/li>\n\n\n\n<li class='active'><a>21239<\/a><\/li>\n\n\n\n<li><a href='?page_no=21240'>21240<\/a><\/li>\n\n\n\n<li><a href='?page_no=21241'>21241<\/a><\/li>\n\n\n\n<li><a>...<\/a><\/li>\n\n\n\n<li><a href='?page_no=22522'>22522<\/a><\/li>\n\n\n\n<li><a href='?page_no=22523'>22523<\/a><\/li>\n\n    \n\t\n\n<li >\n\t<a href='?page_no=21240'>Next<\/a>\n\t<\/li>\n\n\n    \n\n<li><a href='?page_no=22523'>Last &rsaquo;&rsaquo;<\/a><\/li>\n\n<\/ul>\n\n\n--><br \/>\n<\/body><\/p>\n","protected":false},"excerpt":{"rendered":"<p>Madonna y Britney saldr\u00edan desnudas en nuevo video &#13; &#13; La reina y la princesa del pop, bailar\u00edan sin ropa en un nuevo videoclip que se emitir\u00e1 en los recitales de Madonna. &#13; El video de Madonna y Britney Spears, se proyectar\u00e1 durante la pr\u00f3xima gira mundial de la reina del pop, y el diario [&hellip;]<\/p>\n","protected":false},"author":3,"featured_media":0,"comment_status":"open","ping_status":"open","sticky":false,"template":"","format":"standard","meta":{"footnotes":""},"categories":[25],"tags":[],"class_list":["post-92617","post","type-post","status-publish","format-standard","hentry","category-gente"],"_links":{"self":[{"href":"https:\/\/diariodominicano.com\/index.php?rest_route=\/wp\/v2\/posts\/92617","targetHints":{"allow":["GET"]}}],"collection":[{"href":"https:\/\/diariodominicano.com\/index.php?rest_route=\/wp\/v2\/posts"}],"about":[{"href":"https:\/\/diariodominicano.com\/index.php?rest_route=\/wp\/v2\/types\/post"}],"author":[{"embeddable":true,"href":"https:\/\/diariodominicano.com\/index.php?rest_route=\/wp\/v2\/users\/3"}],"replies":[{"embeddable":true,"href":"https:\/\/diariodominicano.com\/index.php?rest_route=%2Fwp%2Fv2%2Fcomments&post=92617"}],"version-history":[{"count":0,"href":"https:\/\/diariodominicano.com\/index.php?rest_route=\/wp\/v2\/posts\/92617\/revisions"}],"wp:attachment":[{"href":"https:\/\/diariodominicano.com\/index.php?rest_route=%2Fwp%2Fv2%2Fmedia&parent=92617"}],"wp:term":[{"taxonomy":"category","embeddable":true,"href":"https:\/\/diariodominicano.com\/index.php?rest_route=%2Fwp%2Fv2%2Fcategories&post=92617"},{"taxonomy":"post_tag","embeddable":true,"href":"https:\/\/diariodominicano.com\/index.php?rest_route=%2Fwp%2Fv2%2Ftags&post=92617"}],"curies":[{"name":"wp","href":"https:\/\/api.w.org\/{rel}","templated":true}]}}