{"id":92616,"date":"2008-07-14T17:53:31","date_gmt":"2008-07-14T17:53:31","guid":{"rendered":"http:\/\/diariodominicano.ddns.net\/?p=92616"},"modified":"2008-07-14T17:53:31","modified_gmt":"2008-07-14T17:53:31","slug":"francis-busca-convertirse-en-la-artista-del-momento","status":"publish","type":"post","link":"https:\/\/diariodominicano.com\/?p=92616","title":{"rendered":"Francis busca convertirse en la artista del momento"},"content":{"rendered":"<p><body><\/p>\n<p class=\"titulogrande1\">Francis  busca convertirse en la artista del momento \u00a0<\/p>\n<p>&#13;<\/p>\n<p><span class=\"text1noticias\">Autor: <\/span><strong>SUDELKA GARCIA<\/strong><\/p>\n<p>&#13;<\/p>\n<p align=\"justify\" class=\"text1noticias\"><strong><img loading=\"lazy\" decoding=\"async\" src=\"http:\/\/localhost:8080\/gente\/img\/francis pena.jpg\" width=\"375\" height=\"375\" hspace=\"4\" align=\"left\" \/>SANTO DOMINGO.-<\/strong>  En las emisoras de radio del pa\u00eds suena la canci\u00f3n \u201cme amar\u00e1s\u201d, en la voz de  una dominicana cuyos incuestionables dotes de artistas la proyectan al \u00e9xito.  Se trata de Francis Pe\u00f1a, quien interpreta el g\u00e9nero de la bachata con gracia y  espontaneidad.<br \/>&#13;<br \/>\n  <br \/>&#13;<br \/>\n  Su  primer CD,\u00a0 once canciones de su autor\u00eda, est\u00e1 circulando en el mercado  dominicano, intitulado del mismo modo que el sencillo\u00a0 \u201cT\u00fa Me Amar\u00e1s\u201d, ya  \u00a0a su primer \u201cvideo clip\u201d se le dan los toques finales en G\u00e9nova,  Italia.<br \/>&#13;<br \/>\n  <br \/>&#13;<br \/>\n  Francis  trabaja actualmente en la promoci\u00f3n de su carrera present\u00e1ndose en la  televisi\u00f3n y centros de diversi\u00f3n del pa\u00eds y aspira a que sus canciones se  coloquen en el gusto popular en Italia, donde ha estado radica y form\u00f3 familia,  en Puerto Rico, New York y otras ciudades de Centroam\u00e9rica y\u00a0 Sudam\u00e9rica.<br \/>&#13;<br \/>\n  <br \/>&#13;<br \/>\n  Desde  ni\u00f1a esta joven viene incursionando en el ambiente art\u00edstico, con tan solo 9  a\u00f1os form\u00f3 parte del coro infantil del polit\u00e9cnico Nuestra Se\u00f1ora del Carmen e  intervino en el conocido programa para la ni\u00f1ez \u201cShow de H\u00e9ctor Mont\u00e1s\u201d, en  1988.<br \/>&#13;<br \/>\n  <br \/>&#13;<br \/>\n  Cuando  alcanz\u00f3 los 14 a\u00f1os tuvo la oportunidad de presentarse en el programa  \u201cCalient\u00edsimo del 9\u201d,  por Color Visi\u00f3n, interpretando la canci\u00f3n \u201cSoy\u00a0 Rebelde\u201d.<br \/>&#13;<br \/>\n  <br \/>&#13;<br \/>\n  En  la actualidad ha tenido una destacada participaci\u00f3n en el ambiente  art\u00edstico de Italia, elogiada una y otra vez por su gran capacidad  interpretativa y sus condiciones como compositora.<br \/>&#13;<br \/>\n  <br \/>&#13;<br \/>\n  Su  gran orgullo es haber representado la m\u00fasica latina en Italia. Hace apenas dos  meses peri\u00f3dico importantes de esta ciudad europea le dedicaron sus principales  p\u00e1ginas de espect\u00e1culo, resaltando su talento interpretativo.<br \/>&#13;<br \/>\n  <br \/>&#13;<br \/>\n  Francis,  madre de dos hijos y casada con un ciudadano italiano, nunca ha descuidado su  preparaci\u00f3n. Antes de radicarse en Europa estudi\u00f3 Econom\u00eda y Comercio en la Universidad Aut\u00f3noma  de Santo Domingo (UASD) y m\u00e1s tarde ingl\u00e9s e italiano en el Dominicano Americano,  en Santo Domingo. Lo cierto es que con Francis, estamos ante una artista  atractiva y de voz privilegiada que el mundo hispano comienza a conocer.<\/p>\n<p>&#13;<\/p>\n<h6> 2008-07-14 17:53:31 <\/h6>\n<p><!--\n<link rel=\"stylesheet\" href=\"css\/bootstrap.min.css\">\n\n\n<ul class=\"pagination\">\n\t    \n\t\n\n<li >\n\t<a href='?page_no=21237'>Previous<\/a>\n\t<\/li>\n\n\n       \n    \n\n<li><a href='?page_no=1'>1<\/a><\/li>\n\n\n\n<li><a href='?page_no=2'>2<\/a><\/li>\n\n\n\n<li><a>...<\/a><\/li>\n\n\n\n<li><a href='?page_no=21236'>21236<\/a><\/li>\n\n\n\n<li><a href='?page_no=21237'>21237<\/a><\/li>\n\n\n\n<li class='active'><a>21238<\/a><\/li>\n\n\n\n<li><a href='?page_no=21239'>21239<\/a><\/li>\n\n\n\n<li><a href='?page_no=21240'>21240<\/a><\/li>\n\n\n\n<li><a>...<\/a><\/li>\n\n\n\n<li><a href='?page_no=22522'>22522<\/a><\/li>\n\n\n\n<li><a href='?page_no=22523'>22523<\/a><\/li>\n\n    \n\t\n\n<li >\n\t<a href='?page_no=21239'>Next<\/a>\n\t<\/li>\n\n\n    \n\n<li><a href='?page_no=22523'>Last &rsaquo;&rsaquo;<\/a><\/li>\n\n<\/ul>\n\n\n--><br \/>\n<\/body><\/p>\n","protected":false},"excerpt":{"rendered":"<p>Francis busca convertirse en la artista del momento \u00a0 &#13; Autor: SUDELKA GARCIA &#13; SANTO DOMINGO.- En las emisoras de radio del pa\u00eds suena la canci\u00f3n \u201cme amar\u00e1s\u201d, en la voz de una dominicana cuyos incuestionables dotes de artistas la proyectan al \u00e9xito. Se trata de Francis Pe\u00f1a, quien interpreta el g\u00e9nero de la bachata [&hellip;]<\/p>\n","protected":false},"author":3,"featured_media":0,"comment_status":"open","ping_status":"open","sticky":false,"template":"","format":"standard","meta":{"footnotes":""},"categories":[25],"tags":[],"class_list":["post-92616","post","type-post","status-publish","format-standard","hentry","category-gente"],"_links":{"self":[{"href":"https:\/\/diariodominicano.com\/index.php?rest_route=\/wp\/v2\/posts\/92616","targetHints":{"allow":["GET"]}}],"collection":[{"href":"https:\/\/diariodominicano.com\/index.php?rest_route=\/wp\/v2\/posts"}],"about":[{"href":"https:\/\/diariodominicano.com\/index.php?rest_route=\/wp\/v2\/types\/post"}],"author":[{"embeddable":true,"href":"https:\/\/diariodominicano.com\/index.php?rest_route=\/wp\/v2\/users\/3"}],"replies":[{"embeddable":true,"href":"https:\/\/diariodominicano.com\/index.php?rest_route=%2Fwp%2Fv2%2Fcomments&post=92616"}],"version-history":[{"count":0,"href":"https:\/\/diariodominicano.com\/index.php?rest_route=\/wp\/v2\/posts\/92616\/revisions"}],"wp:attachment":[{"href":"https:\/\/diariodominicano.com\/index.php?rest_route=%2Fwp%2Fv2%2Fmedia&parent=92616"}],"wp:term":[{"taxonomy":"category","embeddable":true,"href":"https:\/\/diariodominicano.com\/index.php?rest_route=%2Fwp%2Fv2%2Fcategories&post=92616"},{"taxonomy":"post_tag","embeddable":true,"href":"https:\/\/diariodominicano.com\/index.php?rest_route=%2Fwp%2Fv2%2Ftags&post=92616"}],"curies":[{"name":"wp","href":"https:\/\/api.w.org\/{rel}","templated":true}]}}