{"id":92615,"date":"2008-07-14T21:40:52","date_gmt":"2008-07-14T21:40:52","guid":{"rendered":"http:\/\/diariodominicano.ddns.net\/?p=92615"},"modified":"2008-07-14T21:40:52","modified_gmt":"2008-07-14T21:40:52","slug":"julio-bevione-se-destaca-en-guatemala-con-el-poder-del-perdon","status":"publish","type":"post","link":"https:\/\/diariodominicano.com\/?p=92615","title":{"rendered":"Julio Bevione se destaca en Guatemala con \u201c El Poder del Perd\u00f3n\u201d"},"content":{"rendered":"<p><body><\/p>\n<p class=\"titulogrande1\">Julio  Bevione se destaca en Guatemala con \u201c El Poder del Perd\u00f3n\u201d<\/p>\n<p>&#13;<\/p>\n<p align=\"justify\" class=\"text1noticias\"><strong>Miami, FL.-<\/strong> M\u00e1s de dos mil  personas asistieron el pasado jueves 10 de julio al Teatro Nacional Miguel  \u00c1ngel Asturias de Guatemala para escuchar a Julio Bevione hablar de \u201cEl Poder  del Perd\u00f3n\u201d, mientras que otro millar de personas no logr\u00f3 ingresar al evento  organizado por las estaciones de radio del grupo guatemalteco RCN, por lo que  ser\u00e1 trasmitido pr\u00f3ximamente a todo el pa\u00eds.<br \/>&#13;<br \/>\n  \u00a0<br \/>&#13;<br \/>\n\u201cAprender a perdonar es una  materia pendiente para muchos de nosotros y por eso tenemos un vac\u00edo en  nuestras vidas que no podemos llenar. Vivimos con situaciones inconclusas con  otras personas o con nosotros mismos que esperan ser sanadas\u201d, dice Bevione,  qui\u00e9n aborda frecuentemente este tema en entrevistas, en sus libros \u201cVivir en La Zona\u201d y \u201c52 Semanas para  Vivir en La Zona\u201d,  as\u00ed como en un cap\u00edtulo dedicado especialmente en el libro \u201cDijiste que me  quer\u00edas\u201d, la publicaci\u00f3n m\u00e1s reciente de la periodista Mar\u00eda Antonieta Collins.<br \/>&#13;<br \/>\n  \u00a0<br \/>&#13;<br \/>\n  El life coach regresar\u00e1 a  Guatemala el pr\u00f3ximo mes de septiembre para participar de un evento de mujeres  empresarias, en un alto de su gira por Argentina, donde ofrecer\u00e1 seminarios en  ciudades de las regiones de C\u00f3rdoba, Buenos Aires y la Patagonia. En agosto  visitar\u00e1 Colombia y M\u00e9xico, mientras que desde los meses de octubre y noviembre  ofrecer\u00e1 seminarios en diversos puntos de Espa\u00f1a, pa\u00eds que ha visitado en dos  oportunidades este a\u00f1o.<br \/>&#13;<br \/>\n  \u00a0<br \/>&#13;<br \/>\nPara el mes de septiembre, el  autor presentar\u00e1 su nuevo libro titulado \u201c\u00a1Qu\u00e9 Maravilla! Mis primeros pasos en  la espiritualidad\u201d, el primero dedicado a los ni\u00f1os.<\/p>\n<p>&#13;<\/p>\n<h6> 2008-07-14 21:40:52 <\/h6>\n<p><!--\n<link rel=\"stylesheet\" href=\"css\/bootstrap.min.css\">\n\n\n<ul class=\"pagination\">\n\t    \n\t\n\n<li >\n\t<a href='?page_no=21236'>Previous<\/a>\n\t<\/li>\n\n\n       \n    \n\n<li><a href='?page_no=1'>1<\/a><\/li>\n\n\n\n<li><a href='?page_no=2'>2<\/a><\/li>\n\n\n\n<li><a>...<\/a><\/li>\n\n\n\n<li><a href='?page_no=21235'>21235<\/a><\/li>\n\n\n\n<li><a href='?page_no=21236'>21236<\/a><\/li>\n\n\n\n<li class='active'><a>21237<\/a><\/li>\n\n\n\n<li><a href='?page_no=21238'>21238<\/a><\/li>\n\n\n\n<li><a href='?page_no=21239'>21239<\/a><\/li>\n\n\n\n<li><a>...<\/a><\/li>\n\n\n\n<li><a href='?page_no=22522'>22522<\/a><\/li>\n\n\n\n<li><a href='?page_no=22523'>22523<\/a><\/li>\n\n    \n\t\n\n<li >\n\t<a href='?page_no=21238'>Next<\/a>\n\t<\/li>\n\n\n    \n\n<li><a href='?page_no=22523'>Last &rsaquo;&rsaquo;<\/a><\/li>\n\n<\/ul>\n\n\n--><br \/>\n<\/body><\/p>\n","protected":false},"excerpt":{"rendered":"<p>Julio Bevione se destaca en Guatemala con \u201c El Poder del Perd\u00f3n\u201d &#13; Miami, FL.- M\u00e1s de dos mil personas asistieron el pasado jueves 10 de julio al Teatro Nacional Miguel \u00c1ngel Asturias de Guatemala para escuchar a Julio Bevione hablar de \u201cEl Poder del Perd\u00f3n\u201d, mientras que otro millar de personas no logr\u00f3 ingresar [&hellip;]<\/p>\n","protected":false},"author":3,"featured_media":0,"comment_status":"open","ping_status":"open","sticky":false,"template":"","format":"standard","meta":{"footnotes":""},"categories":[25],"tags":[],"class_list":["post-92615","post","type-post","status-publish","format-standard","hentry","category-gente"],"_links":{"self":[{"href":"https:\/\/diariodominicano.com\/index.php?rest_route=\/wp\/v2\/posts\/92615","targetHints":{"allow":["GET"]}}],"collection":[{"href":"https:\/\/diariodominicano.com\/index.php?rest_route=\/wp\/v2\/posts"}],"about":[{"href":"https:\/\/diariodominicano.com\/index.php?rest_route=\/wp\/v2\/types\/post"}],"author":[{"embeddable":true,"href":"https:\/\/diariodominicano.com\/index.php?rest_route=\/wp\/v2\/users\/3"}],"replies":[{"embeddable":true,"href":"https:\/\/diariodominicano.com\/index.php?rest_route=%2Fwp%2Fv2%2Fcomments&post=92615"}],"version-history":[{"count":0,"href":"https:\/\/diariodominicano.com\/index.php?rest_route=\/wp\/v2\/posts\/92615\/revisions"}],"wp:attachment":[{"href":"https:\/\/diariodominicano.com\/index.php?rest_route=%2Fwp%2Fv2%2Fmedia&parent=92615"}],"wp:term":[{"taxonomy":"category","embeddable":true,"href":"https:\/\/diariodominicano.com\/index.php?rest_route=%2Fwp%2Fv2%2Fcategories&post=92615"},{"taxonomy":"post_tag","embeddable":true,"href":"https:\/\/diariodominicano.com\/index.php?rest_route=%2Fwp%2Fv2%2Ftags&post=92615"}],"curies":[{"name":"wp","href":"https:\/\/api.w.org\/{rel}","templated":true}]}}