{"id":92610,"date":"2008-07-15T17:42:57","date_gmt":"2008-07-15T17:42:57","guid":{"rendered":"http:\/\/diariodominicano.ddns.net\/?p=92610"},"modified":"2008-07-15T17:42:57","modified_gmt":"2008-07-15T17:42:57","slug":"luisito-marti-dice-que-su-salud-mejora","status":"publish","type":"post","link":"https:\/\/diariodominicano.com\/?p=92610","title":{"rendered":"Luisito Mart\u00ed dice que su salud mejora"},"content":{"rendered":"<p><body><\/p>\n<p class=\"titulogrande1\"><strong>Luisito Mart\u00ed dice que su salud mejora<\/strong><\/p>\n<p>&#13;<\/p>\n<p align=\"justify\" class=\"text1noticias\">Luisito Mart\u00ed, responsable de a\u00f1os de carcajadas y  entretenimiento mediante sus programas de televisi\u00f3n, sus personajes y sus  pel\u00edculas, las m\u00e1s exitosas del cine dominicano, comunic\u00f3 desde New York que su  condici\u00f3n de salud ha mejorado.<br \/>&#13;<br \/>\n  <br \/>&#13;<br \/>\n  En un comunicado\u00a0 por correo electr\u00f3nico que  remiti\u00f3 desde la ciudad norteamericana\u00a0 a Jos\u00e9 Rafael Sosa, Mart\u00ed indica  que espera muy pronto estar de vuelta, sano y salvo.<br \/>&#13;<br \/>\n  <br \/>&#13;<br \/>\n  Agradece la preocupaci\u00f3n y las oraciones de miles de personas  que han estado pendientes de su situaci\u00f3n cl\u00ednica.<br \/>&#13;<br \/>\n  <br \/>&#13;<br \/>\n  El comunicado dice:<\/p>\n<p>&#13;<\/p>\n<p align=\"justify\" class=\"text1noticias\">\u00abSaludos<br \/>&#13;<br \/>\n  <br \/>&#13;<br \/>\nUna vez\u00a0m\u00e1s\u00a0me siento profundamente\u00a0agradecido de todos  ustedes los que de manera permanente se han preocupado por mi salud, aun estoy  en la ciudad de Nueva York donde recibo el tratamiento que espero me lleve  devuelta con ustedes\u00a0sano y fuerte, anhelo ese regreso pero este  proceso\u00a0se extender\u00e1 unos meses m\u00e1s.,\u00a0Dios\u00a0me ha estado  acompa\u00f1ando en esta batalla\u00a0y esto lo comprueban los resultados  satisfactorios que, a juicio de mis m\u00e9dicos. presento\u00a0 cuadro cl\u00ednico  inicial, cada d\u00eda m\u00e1s favorable en relaci\u00f3n con su condici\u00f3n inicial.\u00a0<br \/>&#13;<br \/>\n<br \/>&#13;<br \/>\nAmigos, familia, pa\u00eds, una vez m\u00e1s, gracias de coraz\u00f3n  por sus oraciones y buenos deseos&#8230;\u00a0<\/p>\n<p>&#13;<\/p>\n<p align=\"justify\" class=\"text1noticias\">Con cari\u00f1o &#8230; <br \/>&#13;<br \/>\n  <br \/>&#13;<br \/>\n<strong>Luisito Mart\u00ed<\/strong>.<\/p>\n<p>&#13;<\/p>\n<h6> 2008-07-15 17:42:57 <\/h6>\n<p><!--\n<link rel=\"stylesheet\" href=\"css\/bootstrap.min.css\">\n\n\n<ul class=\"pagination\">\n\t    \n\t\n\n<li >\n\t<a href='?page_no=21231'>Previous<\/a>\n\t<\/li>\n\n\n       \n    \n\n<li><a href='?page_no=1'>1<\/a><\/li>\n\n\n\n<li><a href='?page_no=2'>2<\/a><\/li>\n\n\n\n<li><a>...<\/a><\/li>\n\n\n\n<li><a href='?page_no=21230'>21230<\/a><\/li>\n\n\n\n<li><a href='?page_no=21231'>21231<\/a><\/li>\n\n\n\n<li class='active'><a>21232<\/a><\/li>\n\n\n\n<li><a href='?page_no=21233'>21233<\/a><\/li>\n\n\n\n<li><a href='?page_no=21234'>21234<\/a><\/li>\n\n\n\n<li><a>...<\/a><\/li>\n\n\n\n<li><a href='?page_no=22522'>22522<\/a><\/li>\n\n\n\n<li><a href='?page_no=22523'>22523<\/a><\/li>\n\n    \n\t\n\n<li >\n\t<a href='?page_no=21233'>Next<\/a>\n\t<\/li>\n\n\n    \n\n<li><a href='?page_no=22523'>Last &rsaquo;&rsaquo;<\/a><\/li>\n\n<\/ul>\n\n\n--><br \/>\n<\/body><\/p>\n","protected":false},"excerpt":{"rendered":"<p>Luisito Mart\u00ed dice que su salud mejora &#13; Luisito Mart\u00ed, responsable de a\u00f1os de carcajadas y entretenimiento mediante sus programas de televisi\u00f3n, sus personajes y sus pel\u00edculas, las m\u00e1s exitosas del cine dominicano, comunic\u00f3 desde New York que su condici\u00f3n de salud ha mejorado.&#13; &#13; En un comunicado\u00a0 por correo electr\u00f3nico que remiti\u00f3 desde la [&hellip;]<\/p>\n","protected":false},"author":3,"featured_media":0,"comment_status":"open","ping_status":"open","sticky":false,"template":"","format":"standard","meta":{"footnotes":""},"categories":[25],"tags":[],"class_list":["post-92610","post","type-post","status-publish","format-standard","hentry","category-gente"],"_links":{"self":[{"href":"https:\/\/diariodominicano.com\/index.php?rest_route=\/wp\/v2\/posts\/92610","targetHints":{"allow":["GET"]}}],"collection":[{"href":"https:\/\/diariodominicano.com\/index.php?rest_route=\/wp\/v2\/posts"}],"about":[{"href":"https:\/\/diariodominicano.com\/index.php?rest_route=\/wp\/v2\/types\/post"}],"author":[{"embeddable":true,"href":"https:\/\/diariodominicano.com\/index.php?rest_route=\/wp\/v2\/users\/3"}],"replies":[{"embeddable":true,"href":"https:\/\/diariodominicano.com\/index.php?rest_route=%2Fwp%2Fv2%2Fcomments&post=92610"}],"version-history":[{"count":0,"href":"https:\/\/diariodominicano.com\/index.php?rest_route=\/wp\/v2\/posts\/92610\/revisions"}],"wp:attachment":[{"href":"https:\/\/diariodominicano.com\/index.php?rest_route=%2Fwp%2Fv2%2Fmedia&parent=92610"}],"wp:term":[{"taxonomy":"category","embeddable":true,"href":"https:\/\/diariodominicano.com\/index.php?rest_route=%2Fwp%2Fv2%2Fcategories&post=92610"},{"taxonomy":"post_tag","embeddable":true,"href":"https:\/\/diariodominicano.com\/index.php?rest_route=%2Fwp%2Fv2%2Ftags&post=92610"}],"curies":[{"name":"wp","href":"https:\/\/api.w.org\/{rel}","templated":true}]}}