{"id":92609,"date":"2008-07-15T19:48:09","date_gmt":"2008-07-15T19:48:09","guid":{"rendered":"http:\/\/diariodominicano.ddns.net\/?p=92609"},"modified":"2008-07-15T19:48:09","modified_gmt":"2008-07-15T19:48:09","slug":"el-festival-brugal-con-mas-merengue-que-nunca","status":"publish","type":"post","link":"https:\/\/diariodominicano.com\/?p=92609","title":{"rendered":"El Festival Brugal con m\u00e1s merengue que nunca"},"content":{"rendered":"<p><body><\/p>\n<p align=\"justify\"><strong class=\"titulogrande1\">El  Festival Brugal con m\u00e1s merengue que nunca<\/strong><br \/>&#13;<br \/>\n  <br \/>&#13;<br \/>\n  <span class=\"text1noticias\"><strong>Rep Dom.-<\/strong> El  Festival Brugal del Merengue viene este a\u00f1o innovador, con m\u00e1s atracciones  art\u00edsticas, m\u00e1s merengue que nunca antes, entregas especiales y la apertura del  evento en la ciudad de San Juan, Puerto Rico.<br \/>&#13;<br \/>\n  <br \/>&#13;<br \/>\nBrugal &amp; Compa\u00f1\u00eda y la Secretar\u00eda de Estado de  Turismo dieron a conocer en rueda de prensa los detalles del evento, que se  estar\u00e1 presentando del 24 al 27 de este mes en las avenidas El Puerto, El  Malec\u00f3n y Espa\u00f1a, \u00e9sta \u00faltima en Santo Domingo Este.<br \/>&#13;<br \/>\n<br \/>&#13;<br \/>\nEl \u00faltimo d\u00eda se realizar\u00e1 un cierre simult\u00e1neo en  las dos naciones. En Puerto Rico se efectuar\u00e1 desde el Estadio Hiram Bithorn,  con capacidad para 25 mil personas.<br \/>&#13;<br \/>\n<br \/>&#13;<br \/>\n\u00c1ngel Duverg\u00e9, Gerente de Promoci\u00f3n de Brugal; Tati  Olmos, Directora del Departamento de Turismo Cultural de la Secretar\u00eda de  Estado de Turismo (Sectur) y Jorge Santini, honorable Alcalde de San  Juan,\u00a0 Puerto Rico, dieron a conocer todos los pormenores con relaci\u00f3n  Festival.<br \/>&#13;<br \/>\n<br \/>&#13;<br \/>\nEl alcalde de San Juan entreg\u00f3 al pa\u00eds, a trav\u00e9s de  Brugal y Turismo, la proclama en la que su gesti\u00f3n declara el 27 de julio de  cada a\u00f1o como D\u00eda Nacional del Merengue en Puerto Rico, lo que constituye un  importante aporte al ritmo nacional dominicano por parte de estas  instituciones.<\/span><\/p>\n<p>&#13;<\/p>\n<p align=\"justify\" class=\"text1noticias\">Duverg\u00e9 inform\u00f3 que el festival ser\u00e1 transmitido en vivo  a trav\u00e9s de la Corporaci\u00f3n Estatal de Radio y Televisi\u00f3n (CERTV), canal 4, bajo  la producci\u00f3n de Rafael Taveras. El montaje de luces y efectos especiales  estar\u00e1 a\u00a0 cargo de Juan Tejera.\u00a0<br \/>&#13;<br \/>\n  <br \/>&#13;<br \/>\nEl Festival Brugal del Merengue tambi\u00e9n cuenta con  la colaboraci\u00f3n de Roberto Salcedo, s\u00edndico del Distrito Nacional y Juan de los  Santos, s\u00edndico de Santo Domingo Este.<\/p>\n<p>&#13;<\/p>\n<h6> 2008-07-15 19:48:09 <\/h6>\n<p><!--\n<link rel=\"stylesheet\" href=\"css\/bootstrap.min.css\">\n\n\n<ul class=\"pagination\">\n\t    \n\t\n\n<li >\n\t<a href='?page_no=21230'>Previous<\/a>\n\t<\/li>\n\n\n       \n    \n\n<li><a href='?page_no=1'>1<\/a><\/li>\n\n\n\n<li><a href='?page_no=2'>2<\/a><\/li>\n\n\n\n<li><a>...<\/a><\/li>\n\n\n\n<li><a href='?page_no=21229'>21229<\/a><\/li>\n\n\n\n<li><a href='?page_no=21230'>21230<\/a><\/li>\n\n\n\n<li class='active'><a>21231<\/a><\/li>\n\n\n\n<li><a href='?page_no=21232'>21232<\/a><\/li>\n\n\n\n<li><a href='?page_no=21233'>21233<\/a><\/li>\n\n\n\n<li><a>...<\/a><\/li>\n\n\n\n<li><a href='?page_no=22522'>22522<\/a><\/li>\n\n\n\n<li><a href='?page_no=22523'>22523<\/a><\/li>\n\n    \n\t\n\n<li >\n\t<a href='?page_no=21232'>Next<\/a>\n\t<\/li>\n\n\n    \n\n<li><a href='?page_no=22523'>Last &rsaquo;&rsaquo;<\/a><\/li>\n\n<\/ul>\n\n\n--><br \/>\n<\/body><\/p>\n","protected":false},"excerpt":{"rendered":"<p>El Festival Brugal con m\u00e1s merengue que nunca&#13; &#13; Rep Dom.- El Festival Brugal del Merengue viene este a\u00f1o innovador, con m\u00e1s atracciones art\u00edsticas, m\u00e1s merengue que nunca antes, entregas especiales y la apertura del evento en la ciudad de San Juan, Puerto Rico.&#13; &#13; Brugal &amp; Compa\u00f1\u00eda y la Secretar\u00eda de Estado de Turismo [&hellip;]<\/p>\n","protected":false},"author":3,"featured_media":0,"comment_status":"open","ping_status":"open","sticky":false,"template":"","format":"standard","meta":{"footnotes":""},"categories":[25],"tags":[],"class_list":["post-92609","post","type-post","status-publish","format-standard","hentry","category-gente"],"_links":{"self":[{"href":"https:\/\/diariodominicano.com\/index.php?rest_route=\/wp\/v2\/posts\/92609","targetHints":{"allow":["GET"]}}],"collection":[{"href":"https:\/\/diariodominicano.com\/index.php?rest_route=\/wp\/v2\/posts"}],"about":[{"href":"https:\/\/diariodominicano.com\/index.php?rest_route=\/wp\/v2\/types\/post"}],"author":[{"embeddable":true,"href":"https:\/\/diariodominicano.com\/index.php?rest_route=\/wp\/v2\/users\/3"}],"replies":[{"embeddable":true,"href":"https:\/\/diariodominicano.com\/index.php?rest_route=%2Fwp%2Fv2%2Fcomments&post=92609"}],"version-history":[{"count":0,"href":"https:\/\/diariodominicano.com\/index.php?rest_route=\/wp\/v2\/posts\/92609\/revisions"}],"wp:attachment":[{"href":"https:\/\/diariodominicano.com\/index.php?rest_route=%2Fwp%2Fv2%2Fmedia&parent=92609"}],"wp:term":[{"taxonomy":"category","embeddable":true,"href":"https:\/\/diariodominicano.com\/index.php?rest_route=%2Fwp%2Fv2%2Fcategories&post=92609"},{"taxonomy":"post_tag","embeddable":true,"href":"https:\/\/diariodominicano.com\/index.php?rest_route=%2Fwp%2Fv2%2Ftags&post=92609"}],"curies":[{"name":"wp","href":"https:\/\/api.w.org\/{rel}","templated":true}]}}