{"id":92608,"date":"2008-07-15T19:51:19","date_gmt":"2008-07-15T19:51:19","guid":{"rendered":"http:\/\/diariodominicano.ddns.net\/?p=92608"},"modified":"2008-07-15T19:51:19","modified_gmt":"2008-07-15T19:51:19","slug":"rey-ruiz-celebra-la-independencia-de-colombia","status":"publish","type":"post","link":"https:\/\/diariodominicano.com\/?p=92608","title":{"rendered":"Rey Ruiz celebra la independencia de Colombia"},"content":{"rendered":"<p><body><\/p>\n<p align=\"justify\"><span class=\"titulogrande1\"><strong>Rey Ruiz celebra la independencia de Colombia<\/strong><\/span> <br \/>&#13;<br \/>\n  <br \/>&#13;<br \/>\n    <span class=\"text1noticias\"><strong>El salsero  cubano se presentar\u00e1 este 17 de julio en \u201cPassions Night Club\u201d, una actividad en honor a las fiestas patrias de Colombia, con la transmisi\u00f3n en vivo de El Zol 95.7 FM<\/strong><br \/>&#13;<br \/>\n    <br \/>&#13;<br \/>\n    <strong>Ruiz se  encuentra dando los \u00faltimos detalles al DVD de su concierto \u201cRey y sus Amigos\u201d, en el cual celebr\u00f3 sus quince a\u00f1os de carrera<\/strong><br \/>&#13;<br \/>\n    <br \/>&#13;<br \/>\n    <strong>Adem\u00e1s,  actualmente trabaja en lo que ser\u00e1 su nueva producci\u00f3n discogr\u00e1fica<\/strong><br \/>&#13;<br \/>\n    <br \/>&#13;<br \/>\n    <strong><img loading=\"lazy\" decoding=\"async\" src=\"http:\/\/localhost:8080\/gente\/img\/rey ruiz.jpg\" width=\"375\" height=\"565\" hspace=\"4\" align=\"left\" \/>Miami, FL.-<\/strong> El artista cubano <strong>Rey  Ruiz<\/strong>, realizar\u00e1 una presentaci\u00f3n este jueves 17 de julio en \u201cPassions Night  Club\u201d, con el fin de celebrar el d\u00eda de la independencia de Colombia, actividad  que ser\u00e1 trasmitida en vivo por la emisora El Zol 95.7 FM.<br \/>&#13;<br \/>\n  <br \/>&#13;<br \/>\n  Este centro de  diversi\u00f3n nocturna est\u00e1 localizado en Seminole Hard Rock Hotel &amp; Casino, en  la ciudad de Hollywood, en el Estado de Florida.<br \/>&#13;<br \/>\n  <br \/>&#13;<br \/>\n  Por otro lado, \u201cEl  bomb\u00f3n de la salsa\u00bb ya planea hacer el lanzamiento oficial del DVD, \u201cRey y  sus Amigos\u201d, en el cual muestra las im\u00e1genes del concierto realizado por el  artista en conmemoraci\u00f3n de sus 15 a\u00f1os de carrera, y donde participaron  int\u00e9rpretes de la talla del afamado trompetista <strong>Arturo Sandoval<\/strong> y el joven salsero <strong>Marlon<\/strong> y el grupo \u201c<strong>3 de la  Habana<\/strong>\u201d.<br \/>&#13;<br \/>\n  <br \/>&#13;<br \/>\nFinalmente, Rey se  encuentra trabajando en lo que ser\u00e1 su nueva producci\u00f3n discogr\u00e1fica contando  con la experiencia creativa del prestigioso productor musical, <strong>\u00c1ngel \u201cCuco\u201d Pe\u00f1a<\/strong>.<\/span><\/p>\n<p>&#13;<\/p>\n<h6> 2008-07-15 19:51:19 <\/h6>\n<p><!--\n<link rel=\"stylesheet\" href=\"css\/bootstrap.min.css\">\n\n\n<ul class=\"pagination\">\n\t    \n\t\n\n<li >\n\t<a href='?page_no=21229'>Previous<\/a>\n\t<\/li>\n\n\n       \n    \n\n<li><a href='?page_no=1'>1<\/a><\/li>\n\n\n\n<li><a href='?page_no=2'>2<\/a><\/li>\n\n\n\n<li><a>...<\/a><\/li>\n\n\n\n<li><a href='?page_no=21228'>21228<\/a><\/li>\n\n\n\n<li><a href='?page_no=21229'>21229<\/a><\/li>\n\n\n\n<li class='active'><a>21230<\/a><\/li>\n\n\n\n<li><a href='?page_no=21231'>21231<\/a><\/li>\n\n\n\n<li><a href='?page_no=21232'>21232<\/a><\/li>\n\n\n\n<li><a>...<\/a><\/li>\n\n\n\n<li><a href='?page_no=22522'>22522<\/a><\/li>\n\n\n\n<li><a href='?page_no=22523'>22523<\/a><\/li>\n\n    \n\t\n\n<li >\n\t<a href='?page_no=21231'>Next<\/a>\n\t<\/li>\n\n\n    \n\n<li><a href='?page_no=22523'>Last &rsaquo;&rsaquo;<\/a><\/li>\n\n<\/ul>\n\n\n--><br \/>\n<\/body><\/p>\n","protected":false},"excerpt":{"rendered":"<p>Rey Ruiz celebra la independencia de Colombia &#13; &#13; El salsero cubano se presentar\u00e1 este 17 de julio en \u201cPassions Night Club\u201d, una actividad en honor a las fiestas patrias de Colombia, con la transmisi\u00f3n en vivo de El Zol 95.7 FM&#13; &#13; Ruiz se encuentra dando los \u00faltimos detalles al DVD de su concierto [&hellip;]<\/p>\n","protected":false},"author":3,"featured_media":0,"comment_status":"open","ping_status":"open","sticky":false,"template":"","format":"standard","meta":{"footnotes":""},"categories":[25],"tags":[],"class_list":["post-92608","post","type-post","status-publish","format-standard","hentry","category-gente"],"_links":{"self":[{"href":"https:\/\/diariodominicano.com\/index.php?rest_route=\/wp\/v2\/posts\/92608","targetHints":{"allow":["GET"]}}],"collection":[{"href":"https:\/\/diariodominicano.com\/index.php?rest_route=\/wp\/v2\/posts"}],"about":[{"href":"https:\/\/diariodominicano.com\/index.php?rest_route=\/wp\/v2\/types\/post"}],"author":[{"embeddable":true,"href":"https:\/\/diariodominicano.com\/index.php?rest_route=\/wp\/v2\/users\/3"}],"replies":[{"embeddable":true,"href":"https:\/\/diariodominicano.com\/index.php?rest_route=%2Fwp%2Fv2%2Fcomments&post=92608"}],"version-history":[{"count":0,"href":"https:\/\/diariodominicano.com\/index.php?rest_route=\/wp\/v2\/posts\/92608\/revisions"}],"wp:attachment":[{"href":"https:\/\/diariodominicano.com\/index.php?rest_route=%2Fwp%2Fv2%2Fmedia&parent=92608"}],"wp:term":[{"taxonomy":"category","embeddable":true,"href":"https:\/\/diariodominicano.com\/index.php?rest_route=%2Fwp%2Fv2%2Fcategories&post=92608"},{"taxonomy":"post_tag","embeddable":true,"href":"https:\/\/diariodominicano.com\/index.php?rest_route=%2Fwp%2Fv2%2Ftags&post=92608"}],"curies":[{"name":"wp","href":"https:\/\/api.w.org\/{rel}","templated":true}]}}