{"id":92607,"date":"2008-07-15T19:54:21","date_gmt":"2008-07-15T19:54:21","guid":{"rendered":"http:\/\/diariodominicano.ddns.net\/?p=92607"},"modified":"2008-07-15T19:54:21","modified_gmt":"2008-07-15T19:54:21","slug":"el-autentico-merengue-a-cuatro-voces","status":"publish","type":"post","link":"https:\/\/diariodominicano.com\/?p=92607","title":{"rendered":"El aut\u00e9ntico merengue a cuatro voces"},"content":{"rendered":"<p><body><\/p>\n<p align=\"justify\"><span class=\"titulogrande1\">\u00a0<strong>El aut\u00e9ntico merengue a cuatro voces<\/strong>\u00a0<\/span><br \/>&#13;<br \/>\n  <strong>\u00a0<br \/>&#13;<br \/>\n  <img loading=\"lazy\" decoding=\"async\" src=\"http:\/\/localhost:8080\/gente\/img\/los artistas.jpg\" width=\"375\" height=\"262\" hspace=\"4\" align=\"left\" \/>SANTO DOMINGO.- <\/strong><span class=\"text1noticias\">El aut\u00e9ntico merengue  dominicano llenar\u00e1 otra vez a los grandes salones de baile del mundo,  representado por sus verdaderos protagonistas.\u00a0<br \/>&#13;<br \/>\n  <br \/>&#13;<br \/>\n  Cuatro ases del arte popular dominicano de  todos los tiempos, estar\u00e1n juntos por primera vez en una gran gira mundial que  promueve lo mejor de nuestro ritmo folkl\u00f3rico y de la cultura musical de la Rep\u00fablica Dominicana.\u00a0<br \/>&#13;<br \/>\n  <br \/>&#13;<br \/>\n  La presentaci\u00f3n mundial de <em>\u201cLa historia  del merengue\u201d <\/em>inicia el 4 de octubre del a\u00f1o en curso, en el United Palace  Theatre de Manhattan, New York, a partir de las 8:00 de la noche. Las  subsiguientes presentaciones est\u00e1n pautadas en los siguientes lugares, d\u00edas y  horarios:\u00a0<br \/>&#13;<br \/>\n  <br \/>&#13;<br \/>\n  <strong>Fecha\u00a0\u00a0Estado\u00a0\u00a0\u00a0Lugar\u00a0\u00a0Hora<\/strong> <br \/>&#13;<br \/>\n  <br \/>&#13;<br \/>\n  05 de octubre\u00a0Lawrence, MA\u00a0Club  Centro\u00a0\u00a0\u00a09:00 p.m.<br \/>&#13;<br \/>\n  11 de octubre\u00a0Revere, MA, \u00a0Club  Lido\u00a0\u00a0\u00a09:00 p.m.<br \/>&#13;<br \/>\n  12 de octubre\u00a0Providence,  R.I.\u00a0Topacio Night Club\u00a09:00 p.m.<br \/>&#13;<br \/>\n  18 de octubre\u00a0Newark, N.J.\u00a0\u00a0  \u00a0<br \/>&#13;<br \/>\n  25 de  octubre\u00a0Bronx, NYC \u00a0Jet Set Night  Club<br \/>&#13;<br \/>\n  26 de octubre\u00a0Queens, NYC\u00a0<br \/>&#13;<br \/>\n  <br \/>&#13;<br \/>\n  Frank Cruz, Francis <em>\u201cSongo\u201d <\/em>Santana,  Vinicio <em>\u201cMambo\u201d <\/em>Franco y Jose\u00edto <em>\u201cEl Diablo\u201d<\/em> Mateo se unir\u00e1n en  el imponente escenario del United Palace, en un extraordinario matiz de voces,  para interpretar inolvidables temas a ritmo de merengue, acompa\u00f1ados por la  espectacular Orquesta San Jos\u00e9, dirigida magistralmente por el maestro Papa  Molina, excepcional director de la \u00c9poca de Oro.\u00a0<br \/>&#13;<br \/>\n  <br \/>&#13;<br \/>\n  <em>La historia del merengue<\/em> es llevada de la mano por estos m\u00e1ximos exponentes  que han marcado p\u00e1ginas de oro en nuestra m\u00fasica aut\u00f3ctona, el real y verdadero  merengue dominicano.\u00a0<br \/>&#13;<br \/>\n  <br \/>&#13;<br \/>\nMontero Producci\u00f3n es la empresa encargada de  promover a los cuatro artistas. La realizaci\u00f3n y conducci\u00f3n es responsabilidad  de Jos\u00e9 Lacay y la producci\u00f3n general de Radhy Montero.<\/span><\/p>\n<p>&#13;<\/p>\n<h6> 2008-07-15 19:54:21 <\/h6>\n<p><!--\n<link rel=\"stylesheet\" href=\"css\/bootstrap.min.css\">\n\n\n<ul class=\"pagination\">\n\t    \n\t\n\n<li >\n\t<a href='?page_no=21228'>Previous<\/a>\n\t<\/li>\n\n\n       \n    \n\n<li><a href='?page_no=1'>1<\/a><\/li>\n\n\n\n<li><a href='?page_no=2'>2<\/a><\/li>\n\n\n\n<li><a>...<\/a><\/li>\n\n\n\n<li><a href='?page_no=21227'>21227<\/a><\/li>\n\n\n\n<li><a href='?page_no=21228'>21228<\/a><\/li>\n\n\n\n<li class='active'><a>21229<\/a><\/li>\n\n\n\n<li><a href='?page_no=21230'>21230<\/a><\/li>\n\n\n\n<li><a href='?page_no=21231'>21231<\/a><\/li>\n\n\n\n<li><a>...<\/a><\/li>\n\n\n\n<li><a href='?page_no=22522'>22522<\/a><\/li>\n\n\n\n<li><a href='?page_no=22523'>22523<\/a><\/li>\n\n    \n\t\n\n<li >\n\t<a href='?page_no=21230'>Next<\/a>\n\t<\/li>\n\n\n    \n\n<li><a href='?page_no=22523'>Last &rsaquo;&rsaquo;<\/a><\/li>\n\n<\/ul>\n\n\n--><br \/>\n<\/body><\/p>\n","protected":false},"excerpt":{"rendered":"<p>\u00a0El aut\u00e9ntico merengue a cuatro voces\u00a0&#13; \u00a0&#13; SANTO DOMINGO.- El aut\u00e9ntico merengue dominicano llenar\u00e1 otra vez a los grandes salones de baile del mundo, representado por sus verdaderos protagonistas.\u00a0&#13; &#13; Cuatro ases del arte popular dominicano de todos los tiempos, estar\u00e1n juntos por primera vez en una gran gira mundial que promueve lo mejor de [&hellip;]<\/p>\n","protected":false},"author":3,"featured_media":0,"comment_status":"open","ping_status":"open","sticky":false,"template":"","format":"standard","meta":{"footnotes":""},"categories":[25],"tags":[],"class_list":["post-92607","post","type-post","status-publish","format-standard","hentry","category-gente"],"_links":{"self":[{"href":"https:\/\/diariodominicano.com\/index.php?rest_route=\/wp\/v2\/posts\/92607","targetHints":{"allow":["GET"]}}],"collection":[{"href":"https:\/\/diariodominicano.com\/index.php?rest_route=\/wp\/v2\/posts"}],"about":[{"href":"https:\/\/diariodominicano.com\/index.php?rest_route=\/wp\/v2\/types\/post"}],"author":[{"embeddable":true,"href":"https:\/\/diariodominicano.com\/index.php?rest_route=\/wp\/v2\/users\/3"}],"replies":[{"embeddable":true,"href":"https:\/\/diariodominicano.com\/index.php?rest_route=%2Fwp%2Fv2%2Fcomments&post=92607"}],"version-history":[{"count":0,"href":"https:\/\/diariodominicano.com\/index.php?rest_route=\/wp\/v2\/posts\/92607\/revisions"}],"wp:attachment":[{"href":"https:\/\/diariodominicano.com\/index.php?rest_route=%2Fwp%2Fv2%2Fmedia&parent=92607"}],"wp:term":[{"taxonomy":"category","embeddable":true,"href":"https:\/\/diariodominicano.com\/index.php?rest_route=%2Fwp%2Fv2%2Fcategories&post=92607"},{"taxonomy":"post_tag","embeddable":true,"href":"https:\/\/diariodominicano.com\/index.php?rest_route=%2Fwp%2Fv2%2Ftags&post=92607"}],"curies":[{"name":"wp","href":"https:\/\/api.w.org\/{rel}","templated":true}]}}