{"id":92602,"date":"2008-07-16T18:01:11","date_gmt":"2008-07-16T18:01:11","guid":{"rendered":"http:\/\/diariodominicano.ddns.net\/?p=92602"},"modified":"2008-07-16T18:01:11","modified_gmt":"2008-07-16T18:01:11","slug":"el-regreso-de-michael-j-fox","status":"publish","type":"post","link":"https:\/\/diariodominicano.com\/?p=92602","title":{"rendered":"El regreso de Michael J. Fox"},"content":{"rendered":"<p><body><\/p>\n<p align=\"justify\"><strong class=\"titulogrande1\">El regreso de Michael J. Fox<\/strong><br \/>&#13;<br \/>\n  <br \/>&#13;<br \/>\n    <span class=\"text1noticias\">El actor, afectado por el mal de Parkinson, vuelve a la televisi\u00f3n <br \/>&#13;<br \/>\n    <br \/>&#13;<br \/>\n    <strong>ELPA\u00cdS.com<\/strong> &#8211; Madrid &#8211; 16\/07\/2008 <\/span><\/p>\n<p>&#13;<\/p>\n<p align=\"justify\" class=\"text1noticias\"><img loading=\"lazy\" decoding=\"async\" src=\"http:\/\/localhost:8080\/gente\/img\/regreso fox.jpg\" width=\"375\" height=\"510\" hspace=\"4\" align=\"left\" \/>El mal de Parkison no ha podido  con Michael J. Fox. A pesar de que el actor canadiense anunci\u00f3 hace a\u00f1os su  retiro de las pantallas para tratar su enfermedad, ahora volver\u00e1 a la  televisi\u00f3n para actuar en cuatro cap\u00edtulos de la serie <em>Rescue Me<\/em>.<br \/>&#13;<br \/>\n  <br \/>&#13;<br \/>\n  El actor, que salt\u00f3 a la fama en  la serie de televisi\u00f3n <em>Enredos de familia<\/em> y la aument\u00f3 en el cine con  las partes de <em>Regreso al futuro<\/em>, interpretar\u00e1 el papel de novio de la ex  del protagonista, que va en silla de ruedas.<br \/>&#13;<br \/>\n  <br \/>&#13;<br \/>\n\u00abEs un personaje muy gracioso  y original\u00bb, ha contado John Landgraf, presidente de FX, el canal de cable  que emite <em>Rescue Me<\/em> en Estados Unidos. Michael Fox, de 47 a\u00f1os, se ha  mostrado \u00abmuy contento con el papel\u00bb, ha a\u00f1adido.<br \/>&#13;<br \/>\n<br \/>&#13;<br \/>\nSe espera que los cap\u00edtulos en los  que interviene Fox se emitan en la primavera de 2009, cuando empieza la quinta  temporada de la serie.<br \/>&#13;<br \/>\n<br \/>&#13;<br \/>\nAl actor se le diagnostic\u00f3 el mal  de Parkinson en 1991 e hizo p\u00fablica su enfermedad en 1998. Dos a\u00f1os despu\u00e9s,  anunci\u00f3 su retiro del cine y la televisi\u00f3n a causa de los s\u00edntomas del mal,  para dedicar su tiempo a ayudar a encontrar su cura. Para ello, instaur\u00f3 la  Fundaci\u00f3n Michael J. Fox para la Investigaci\u00f3n del Parkinson, que en los a\u00f1os  que lleva abierta ha recaudado millones de d\u00f3lares.<br \/>&#13;<br \/>\n<br \/>&#13;<br \/>\nA pesar de su retiro, el actor ha  hecho espor\u00e1dicas apariciones en series de televisi\u00f3n. La \u00faltima fue en 2006,  en <em>Boston Legal<\/em>, de la cadena estadounidense ABC, donde interpretaba un  personaje con c\u00e1ncer.<\/p>\n<p>&#13;<\/p>\n<h6> 2008-07-16 18:01:11 <\/h6>\n<p><!--\n<link rel=\"stylesheet\" href=\"css\/bootstrap.min.css\">\n\n\n<ul class=\"pagination\">\n\t    \n\t\n\n<li >\n\t<a href='?page_no=21223'>Previous<\/a>\n\t<\/li>\n\n\n       \n    \n\n<li><a href='?page_no=1'>1<\/a><\/li>\n\n\n\n<li><a href='?page_no=2'>2<\/a><\/li>\n\n\n\n<li><a>...<\/a><\/li>\n\n\n\n<li><a href='?page_no=21222'>21222<\/a><\/li>\n\n\n\n<li><a href='?page_no=21223'>21223<\/a><\/li>\n\n\n\n<li class='active'><a>21224<\/a><\/li>\n\n\n\n<li><a href='?page_no=21225'>21225<\/a><\/li>\n\n\n\n<li><a href='?page_no=21226'>21226<\/a><\/li>\n\n\n\n<li><a>...<\/a><\/li>\n\n\n\n<li><a href='?page_no=22522'>22522<\/a><\/li>\n\n\n\n<li><a href='?page_no=22523'>22523<\/a><\/li>\n\n    \n\t\n\n<li >\n\t<a href='?page_no=21225'>Next<\/a>\n\t<\/li>\n\n\n    \n\n<li><a href='?page_no=22523'>Last &rsaquo;&rsaquo;<\/a><\/li>\n\n<\/ul>\n\n\n--><br \/>\n<\/body><\/p>\n","protected":false},"excerpt":{"rendered":"<p>El regreso de Michael J. Fox&#13; &#13; El actor, afectado por el mal de Parkinson, vuelve a la televisi\u00f3n &#13; &#13; ELPA\u00cdS.com &#8211; Madrid &#8211; 16\/07\/2008 &#13; El mal de Parkison no ha podido con Michael J. Fox. A pesar de que el actor canadiense anunci\u00f3 hace a\u00f1os su retiro de las pantallas para tratar [&hellip;]<\/p>\n","protected":false},"author":3,"featured_media":0,"comment_status":"open","ping_status":"open","sticky":false,"template":"","format":"standard","meta":{"footnotes":""},"categories":[25],"tags":[],"class_list":["post-92602","post","type-post","status-publish","format-standard","hentry","category-gente"],"_links":{"self":[{"href":"https:\/\/diariodominicano.com\/index.php?rest_route=\/wp\/v2\/posts\/92602","targetHints":{"allow":["GET"]}}],"collection":[{"href":"https:\/\/diariodominicano.com\/index.php?rest_route=\/wp\/v2\/posts"}],"about":[{"href":"https:\/\/diariodominicano.com\/index.php?rest_route=\/wp\/v2\/types\/post"}],"author":[{"embeddable":true,"href":"https:\/\/diariodominicano.com\/index.php?rest_route=\/wp\/v2\/users\/3"}],"replies":[{"embeddable":true,"href":"https:\/\/diariodominicano.com\/index.php?rest_route=%2Fwp%2Fv2%2Fcomments&post=92602"}],"version-history":[{"count":0,"href":"https:\/\/diariodominicano.com\/index.php?rest_route=\/wp\/v2\/posts\/92602\/revisions"}],"wp:attachment":[{"href":"https:\/\/diariodominicano.com\/index.php?rest_route=%2Fwp%2Fv2%2Fmedia&parent=92602"}],"wp:term":[{"taxonomy":"category","embeddable":true,"href":"https:\/\/diariodominicano.com\/index.php?rest_route=%2Fwp%2Fv2%2Fcategories&post=92602"},{"taxonomy":"post_tag","embeddable":true,"href":"https:\/\/diariodominicano.com\/index.php?rest_route=%2Fwp%2Fv2%2Ftags&post=92602"}],"curies":[{"name":"wp","href":"https:\/\/api.w.org\/{rel}","templated":true}]}}