{"id":92600,"date":"2008-07-16T18:06:41","date_gmt":"2008-07-16T18:06:41","guid":{"rendered":"http:\/\/diariodominicano.ddns.net\/?p=92600"},"modified":"2008-07-16T18:06:41","modified_gmt":"2008-07-16T18:06:41","slug":"valencia-sera-la-parada-espanola-de-madonna","status":"publish","type":"post","link":"https:\/\/diariodominicano.com\/?p=92600","title":{"rendered":"Valencia ser\u00e1 la parada espa\u00f1ola de Madonna"},"content":{"rendered":"<p><body><\/p>\n<p align=\"justify\"><span class=\"text1noticias\">m\u00fasica \/ tendencias <\/span><br \/>&#13;<br \/>\n  <br \/>&#13;<br \/>\n    <strong class=\"titulogrande1\">Valencia ser\u00e1 la parada espa\u00f1ola de Madonna<\/strong><br \/>&#13;<br \/>\n    <br \/>&#13;<br \/>\n    <span class=\"text1noticias\"><strong>AGENCIAS<\/strong> &#8211; Valencia &#8211; 16\/07\/2008 <\/span><\/p>\n<p>&#13;<\/p>\n<p align=\"justify\" class=\"text1noticias\">La cantante estadounidense Madonna  incluir\u00e1 un escenario de la Comunidad Valenciana en su gira europea en la que  promocionar\u00e1 su disco <em>hard Candy.<\/em><br \/>&#13;<br \/>\n  <br \/>&#13;<br \/>\n  Hoy se dar\u00e1 a conocer el lugar y  la fecha del concierto, aunque est\u00e1 previsto que se celebre el pr\u00f3ximo mes de  septiembre y en un recinto con capacidad para entre 55.000 y 65.000  espectadores. Una de las instalaciones que se han barajado ha sido el Circuito  Ricardo Tormo de Cheste (Valenca) que el pasado mes de septiembre ya acogi\u00f3 el  concierto de despedida de H\u00e9roes del Silencio.<br \/>&#13;<br \/>\n  <br \/>&#13;<br \/>\nDentro de su <em>tour<\/em> por  Europa, la reina del pop actuar\u00e1 tambi\u00e9n en Barcelona, donde est\u00e1 prevista su  presencia para el 18 de septiembre. Asimismo, la gira, que arrancar\u00e1 en agosto  en Reino Unido, pasar\u00e1 por otros pa\u00edses como Francia, Suiza y Alemania.<\/p>\n<p>&#13;<\/p>\n<h6> 2008-07-16 18:06:41 <\/h6>\n<p><!--\n<link rel=\"stylesheet\" href=\"css\/bootstrap.min.css\">\n\n\n<ul class=\"pagination\">\n\t    \n\t\n\n<li >\n\t<a href='?page_no=21221'>Previous<\/a>\n\t<\/li>\n\n\n       \n    \n\n<li><a href='?page_no=1'>1<\/a><\/li>\n\n\n\n<li><a href='?page_no=2'>2<\/a><\/li>\n\n\n\n<li><a>...<\/a><\/li>\n\n\n\n<li><a href='?page_no=21220'>21220<\/a><\/li>\n\n\n\n<li><a href='?page_no=21221'>21221<\/a><\/li>\n\n\n\n<li class='active'><a>21222<\/a><\/li>\n\n\n\n<li><a href='?page_no=21223'>21223<\/a><\/li>\n\n\n\n<li><a href='?page_no=21224'>21224<\/a><\/li>\n\n\n\n<li><a>...<\/a><\/li>\n\n\n\n<li><a href='?page_no=22522'>22522<\/a><\/li>\n\n\n\n<li><a href='?page_no=22523'>22523<\/a><\/li>\n\n    \n\t\n\n<li >\n\t<a href='?page_no=21223'>Next<\/a>\n\t<\/li>\n\n\n    \n\n<li><a href='?page_no=22523'>Last &rsaquo;&rsaquo;<\/a><\/li>\n\n<\/ul>\n\n\n--><br \/>\n<\/body><\/p>\n","protected":false},"excerpt":{"rendered":"<p>m\u00fasica \/ tendencias &#13; &#13; Valencia ser\u00e1 la parada espa\u00f1ola de Madonna&#13; &#13; AGENCIAS &#8211; Valencia &#8211; 16\/07\/2008 &#13; La cantante estadounidense Madonna incluir\u00e1 un escenario de la Comunidad Valenciana en su gira europea en la que promocionar\u00e1 su disco hard Candy.&#13; &#13; Hoy se dar\u00e1 a conocer el lugar y la fecha del concierto, [&hellip;]<\/p>\n","protected":false},"author":3,"featured_media":0,"comment_status":"open","ping_status":"open","sticky":false,"template":"","format":"standard","meta":{"footnotes":""},"categories":[25],"tags":[],"class_list":["post-92600","post","type-post","status-publish","format-standard","hentry","category-gente"],"_links":{"self":[{"href":"https:\/\/diariodominicano.com\/index.php?rest_route=\/wp\/v2\/posts\/92600","targetHints":{"allow":["GET"]}}],"collection":[{"href":"https:\/\/diariodominicano.com\/index.php?rest_route=\/wp\/v2\/posts"}],"about":[{"href":"https:\/\/diariodominicano.com\/index.php?rest_route=\/wp\/v2\/types\/post"}],"author":[{"embeddable":true,"href":"https:\/\/diariodominicano.com\/index.php?rest_route=\/wp\/v2\/users\/3"}],"replies":[{"embeddable":true,"href":"https:\/\/diariodominicano.com\/index.php?rest_route=%2Fwp%2Fv2%2Fcomments&post=92600"}],"version-history":[{"count":0,"href":"https:\/\/diariodominicano.com\/index.php?rest_route=\/wp\/v2\/posts\/92600\/revisions"}],"wp:attachment":[{"href":"https:\/\/diariodominicano.com\/index.php?rest_route=%2Fwp%2Fv2%2Fmedia&parent=92600"}],"wp:term":[{"taxonomy":"category","embeddable":true,"href":"https:\/\/diariodominicano.com\/index.php?rest_route=%2Fwp%2Fv2%2Fcategories&post=92600"},{"taxonomy":"post_tag","embeddable":true,"href":"https:\/\/diariodominicano.com\/index.php?rest_route=%2Fwp%2Fv2%2Ftags&post=92600"}],"curies":[{"name":"wp","href":"https:\/\/api.w.org\/{rel}","templated":true}]}}