{"id":92598,"date":"2008-07-17T20:27:09","date_gmt":"2008-07-17T20:27:09","guid":{"rendered":"http:\/\/diariodominicano.ddns.net\/?p=92598"},"modified":"2008-07-17T20:27:09","modified_gmt":"2008-07-17T20:27:09","slug":"el-artista-jorge-gadala-presentar-su-primer-sencillo","status":"publish","type":"post","link":"https:\/\/diariodominicano.com\/?p=92598","title":{"rendered":"El artista Jorge Gadala presentar su primer sencillo"},"content":{"rendered":"<p><body><\/p>\n<p align=\"center\" class=\"titulogrande1\"><strong>El artista Jorge Gadala presentar su primer  sencillo <\/strong><\/p>\n<p>&#13;<\/p>\n<p align=\"justify\" class=\"text1noticias\"><strong><img loading=\"lazy\" decoding=\"async\" src=\"http:\/\/localhost:8080\/gente\/img\/jorge gadala.jpg\" width=\"375\" height=\"566\" hspace=\"4\" align=\"left\" \/>Rep Dom.- <\/strong>Jorge Gadala es un joven artista dominicano con  mucho talento para exportar nuestro ritmo musical: la bachata.<br \/>&#13;<br \/>\n  <br \/>&#13;<br \/>\n  Esta convicci\u00f3n de \u00e9xito est\u00e1 presente en cada  uno de los 10 temas  completamente in\u00e9ditos, 8 bachatas y 2 merengues, canciones cuyas letras y  m\u00fasicas son de su propia auditoria. A partir de esta semana, todas las emisoras  y programas de bachata estar\u00e1n presentando el estreno de su primer sencillo  \u00abNo Vuelvo\u00bb.<\/p>\n<p>&#13;<\/p>\n<p align=\"justify\" class=\"text1noticias\">El  joven cantante afirma que est\u00e1 feliz con esta producci\u00f3n, la cual fue grabada  en el estudio JLG de Juan Luis Guerra, y cont\u00f3 con los arreglos mezclados de  Luis Mansilla, quien ha ganado 6 Grammys. <br \/>&#13;<br \/>\n  <br \/>&#13;<br \/>\n  \u00abEste  disco es muy especial, porque tiene una nueva fusi\u00f3n de bachata con ritmos  \u00e1rabes integrando en arreglos el Aoud -guitarra \u00e1rabe-, Darbuca \u2013percusiones-,  violines y escalas del g\u00e9nero\u00bb, precis\u00f3.<br \/>&#13;<br \/>\n<br \/>&#13;<br \/>\nGalaga  recientemente regres\u00f3 de M\u00e9xico, pa\u00eds donde hizo presentaciones en Televisa San  \u00c1ngel D. F., y comparti\u00f3 con Jos\u00e9 Jos\u00e9. Tambi\u00e9n se present\u00f3 en los Estados de  Chiapas y Tabasco.<br \/>&#13;<br \/>\n<br \/>&#13;<br \/>\nEn  el pa\u00eds ha compartido escenarios con Diego Torres, David Bisbal, Ricardo  Arjona, Floricienta, Belinda, Francisco C\u00e9spedes, Erre-way y otros artistas.<\/p>\n<p>&#13;<\/p>\n<h6> 2008-07-17 20:27:09 <\/h6>\n<p><!--\n<link rel=\"stylesheet\" href=\"css\/bootstrap.min.css\">\n\n\n<ul class=\"pagination\">\n\t    \n\t\n\n<li >\n\t<a href='?page_no=21219'>Previous<\/a>\n\t<\/li>\n\n\n       \n    \n\n<li><a href='?page_no=1'>1<\/a><\/li>\n\n\n\n<li><a href='?page_no=2'>2<\/a><\/li>\n\n\n\n<li><a>...<\/a><\/li>\n\n\n\n<li><a href='?page_no=21218'>21218<\/a><\/li>\n\n\n\n<li><a href='?page_no=21219'>21219<\/a><\/li>\n\n\n\n<li class='active'><a>21220<\/a><\/li>\n\n\n\n<li><a href='?page_no=21221'>21221<\/a><\/li>\n\n\n\n<li><a href='?page_no=21222'>21222<\/a><\/li>\n\n\n\n<li><a>...<\/a><\/li>\n\n\n\n<li><a href='?page_no=22522'>22522<\/a><\/li>\n\n\n\n<li><a href='?page_no=22523'>22523<\/a><\/li>\n\n    \n\t\n\n<li >\n\t<a href='?page_no=21221'>Next<\/a>\n\t<\/li>\n\n\n    \n\n<li><a href='?page_no=22523'>Last &rsaquo;&rsaquo;<\/a><\/li>\n\n<\/ul>\n\n\n--><br \/>\n<\/body><\/p>\n","protected":false},"excerpt":{"rendered":"<p>El artista Jorge Gadala presentar su primer sencillo &#13; Rep Dom.- Jorge Gadala es un joven artista dominicano con mucho talento para exportar nuestro ritmo musical: la bachata.&#13; &#13; Esta convicci\u00f3n de \u00e9xito est\u00e1 presente en cada uno de los 10 temas completamente in\u00e9ditos, 8 bachatas y 2 merengues, canciones cuyas letras y m\u00fasicas son [&hellip;]<\/p>\n","protected":false},"author":3,"featured_media":0,"comment_status":"open","ping_status":"open","sticky":false,"template":"","format":"standard","meta":{"footnotes":""},"categories":[25],"tags":[],"class_list":["post-92598","post","type-post","status-publish","format-standard","hentry","category-gente"],"_links":{"self":[{"href":"https:\/\/diariodominicano.com\/index.php?rest_route=\/wp\/v2\/posts\/92598","targetHints":{"allow":["GET"]}}],"collection":[{"href":"https:\/\/diariodominicano.com\/index.php?rest_route=\/wp\/v2\/posts"}],"about":[{"href":"https:\/\/diariodominicano.com\/index.php?rest_route=\/wp\/v2\/types\/post"}],"author":[{"embeddable":true,"href":"https:\/\/diariodominicano.com\/index.php?rest_route=\/wp\/v2\/users\/3"}],"replies":[{"embeddable":true,"href":"https:\/\/diariodominicano.com\/index.php?rest_route=%2Fwp%2Fv2%2Fcomments&post=92598"}],"version-history":[{"count":0,"href":"https:\/\/diariodominicano.com\/index.php?rest_route=\/wp\/v2\/posts\/92598\/revisions"}],"wp:attachment":[{"href":"https:\/\/diariodominicano.com\/index.php?rest_route=%2Fwp%2Fv2%2Fmedia&parent=92598"}],"wp:term":[{"taxonomy":"category","embeddable":true,"href":"https:\/\/diariodominicano.com\/index.php?rest_route=%2Fwp%2Fv2%2Fcategories&post=92598"},{"taxonomy":"post_tag","embeddable":true,"href":"https:\/\/diariodominicano.com\/index.php?rest_route=%2Fwp%2Fv2%2Ftags&post=92598"}],"curies":[{"name":"wp","href":"https:\/\/api.w.org\/{rel}","templated":true}]}}