{"id":92597,"date":"2008-07-17T20:32:11","date_gmt":"2008-07-17T20:32:11","guid":{"rendered":"http:\/\/diariodominicano.ddns.net\/?p=92597"},"modified":"2008-07-17T20:32:11","modified_gmt":"2008-07-17T20:32:11","slug":"manny-jimenez-lanza-voy-a-ser-grande-su-sexta-produccion","status":"publish","type":"post","link":"https:\/\/diariodominicano.com\/?p=92597","title":{"rendered":"Manny Jim\u00e9nez lanza \u00abVoy a ser grande\u00bb, su sexta producci\u00f3n"},"content":{"rendered":"<p><body><\/p>\n<p>\u00a0&#13;<\/p>\n<div align=\"justify\"><strong class=\"titulogrande1\">Manny Jim\u00e9nez lanza \u00abVoy a ser  grande\u00bb, su sexta producci\u00f3n<\/strong><br \/>&#13;<br \/>\n  <br \/>&#13;<br \/>\n<span class=\"text1noticias\"><strong><img loading=\"lazy\" decoding=\"async\" src=\"http:\/\/localhost:8080\/gente\/img\/pachico musica.jpg\" width=\"375\" height=\"1725\" hspace=\"4\" align=\"left\" \/>Santo Domingo.-<\/strong> El bachatero Manny Jim\u00e9nez puso en circulaci\u00f3n su sexto material discogr\u00e1fico titulado \u00abVoy a ser grande\u00bb. Con  este \u00e1lbum Jim\u00e9nez pretende llenar el vac\u00edo que existe de verdaderos int\u00e9rpretes del g\u00e9nero del amargue, volviendo a sus ra\u00edces.<br \/>&#13;<br \/>\n<br \/>&#13;<br \/>\n\u00abNo quise quitarle la esencia, el olor a la bachata, porque creemos que a la gente le llega m\u00e1s\u00bb, declar\u00f3 el int\u00e9rprete quien ha  empezado a sonar en las emisoras del Cibao con \u00abEl dilema\u00bb y con el tema  que da &#13;<br \/>\nt\u00edtulo al disco. \u00abVoy a ser grande\u00bb, canci\u00f3n autor\u00eda de Tony  L\u00f3pez, es presentada en este trabajo a ritmo de bachata luego de haber sonado en tiempo de merengue, en la voz de El Jeffrey.<br \/>&#13;<br \/>\n<br \/>&#13;<br \/>\nEn un momento en el que el g\u00e9nero tiene un auge internacional y que es fusionado con elementos de otros ritmos, Jim\u00e9nez elige seguir una &#13;<br \/>\nl\u00ednea de bachata tradicional. \u00a0Este detalle, sumado a la forma de interpretar del cantante, nacido en San Francisco de Macor\u00eds, ofrece a este tipo de canci\u00f3n los ingredientes que solo los nacidos para hacer bachata poseen.<br \/>&#13;<br \/>\n<br \/>&#13;<br \/>\nEl \u00e1lbum contiene 10 temas con la mejor tradici\u00f3n de la bachata. As\u00ed encontramos cortes como \u00abMalvada\u00bb y \u00abNo he podido ser  feliz\u00bb, en los que la voz del cantante se quiebra, para transmitir el dolor de la historia que narra. Otro de los temas que trae la producci\u00f3n es \u00abHomenaje a Eladio Romero Santos\u00bb, donde el artista rinde  tributo a quien fuera su amigo y uno de sus inspiradores.<br \/>&#13;<br \/>\n<br \/>&#13;<br \/>\n\u00a0\u00abVoy a ser grande\u00bb es un disco en el que Manny Jim\u00e9nez retoma  para el disfrute del p\u00fablico la bachata m\u00e1s tradicional.<br \/>&#13;<br \/>\n<\/span><\/div>\n<p>&#13;<\/p>\n<h6> 2008-07-17 20:32:11 <\/h6>\n<p><!--\n<link rel=\"stylesheet\" href=\"css\/bootstrap.min.css\">\n\n\n<ul class=\"pagination\">\n\t    \n\t\n\n<li >\n\t<a href='?page_no=21218'>Previous<\/a>\n\t<\/li>\n\n\n       \n    \n\n<li><a href='?page_no=1'>1<\/a><\/li>\n\n\n\n<li><a href='?page_no=2'>2<\/a><\/li>\n\n\n\n<li><a>...<\/a><\/li>\n\n\n\n<li><a href='?page_no=21217'>21217<\/a><\/li>\n\n\n\n<li><a href='?page_no=21218'>21218<\/a><\/li>\n\n\n\n<li class='active'><a>21219<\/a><\/li>\n\n\n\n<li><a href='?page_no=21220'>21220<\/a><\/li>\n\n\n\n<li><a href='?page_no=21221'>21221<\/a><\/li>\n\n\n\n<li><a>...<\/a><\/li>\n\n\n\n<li><a href='?page_no=22522'>22522<\/a><\/li>\n\n\n\n<li><a href='?page_no=22523'>22523<\/a><\/li>\n\n    \n\t\n\n<li >\n\t<a href='?page_no=21220'>Next<\/a>\n\t<\/li>\n\n\n    \n\n<li><a href='?page_no=22523'>Last &rsaquo;&rsaquo;<\/a><\/li>\n\n<\/ul>\n\n\n--><br \/>\n<\/body><\/p>\n","protected":false},"excerpt":{"rendered":"<p>\u00a0&#13; Manny Jim\u00e9nez lanza \u00abVoy a ser grande\u00bb, su sexta producci\u00f3n&#13; &#13; Santo Domingo.- El bachatero Manny Jim\u00e9nez puso en circulaci\u00f3n su sexto material discogr\u00e1fico titulado \u00abVoy a ser grande\u00bb. Con este \u00e1lbum Jim\u00e9nez pretende llenar el vac\u00edo que existe de verdaderos int\u00e9rpretes del g\u00e9nero del amargue, volviendo a sus ra\u00edces.&#13; &#13; \u00abNo quise quitarle [&hellip;]<\/p>\n","protected":false},"author":3,"featured_media":0,"comment_status":"open","ping_status":"open","sticky":false,"template":"","format":"standard","meta":{"footnotes":""},"categories":[25],"tags":[],"class_list":["post-92597","post","type-post","status-publish","format-standard","hentry","category-gente"],"_links":{"self":[{"href":"https:\/\/diariodominicano.com\/index.php?rest_route=\/wp\/v2\/posts\/92597","targetHints":{"allow":["GET"]}}],"collection":[{"href":"https:\/\/diariodominicano.com\/index.php?rest_route=\/wp\/v2\/posts"}],"about":[{"href":"https:\/\/diariodominicano.com\/index.php?rest_route=\/wp\/v2\/types\/post"}],"author":[{"embeddable":true,"href":"https:\/\/diariodominicano.com\/index.php?rest_route=\/wp\/v2\/users\/3"}],"replies":[{"embeddable":true,"href":"https:\/\/diariodominicano.com\/index.php?rest_route=%2Fwp%2Fv2%2Fcomments&post=92597"}],"version-history":[{"count":0,"href":"https:\/\/diariodominicano.com\/index.php?rest_route=\/wp\/v2\/posts\/92597\/revisions"}],"wp:attachment":[{"href":"https:\/\/diariodominicano.com\/index.php?rest_route=%2Fwp%2Fv2%2Fmedia&parent=92597"}],"wp:term":[{"taxonomy":"category","embeddable":true,"href":"https:\/\/diariodominicano.com\/index.php?rest_route=%2Fwp%2Fv2%2Fcategories&post=92597"},{"taxonomy":"post_tag","embeddable":true,"href":"https:\/\/diariodominicano.com\/index.php?rest_route=%2Fwp%2Fv2%2Ftags&post=92597"}],"curies":[{"name":"wp","href":"https:\/\/api.w.org\/{rel}","templated":true}]}}