{"id":92594,"date":"2008-07-17T22:31:58","date_gmt":"2008-07-17T22:31:58","guid":{"rendered":"http:\/\/diariodominicano.ddns.net\/?p=92594"},"modified":"2008-07-17T22:31:58","modified_gmt":"2008-07-17T22:31:58","slug":"artistas-dominicanos-presentaran-espectaculo","status":"publish","type":"post","link":"https:\/\/diariodominicano.com\/?p=92594","title":{"rendered":"Artistas dominicanos presentar\u00e1n espect\u00e1culo"},"content":{"rendered":"<p><body><\/p>\n<p align=\"justify\" class=\"titulogrande1\"><strong>Artistas dominicanos presentar\u00e1n  espect\u00e1culo <\/strong>\u00abCanto por la liberaci\u00f3n de los secuestrados\u00bb<\/p>\n<p>&#13;<\/p>\n<p align=\"justify\" class=\"text1noticias\"><strong>SANTO  DOMINGO.- <\/strong>La  embajada\u00a0 colombiana anunci\u00f3 que en conmoraci\u00f3n del 198 Aniversario de la  independencia de su pa\u00eds, el pr\u00f3ximo domingo 20 de julio, a partir de las nueve  de la ma\u00f1ana se llevar\u00e1 a cabo un encuentro-concierto que tendr\u00e1 lugar en la Plaza Espa\u00f1a.<br \/>&#13;<br \/>\n  <br \/>&#13;<br \/>\n  El  encuentro llamado \u00abCanto por la liberaci\u00f3n de los secuestrados\u00bb unir\u00e1  las voces de principales figuras de nuestro canto para apoyar esta causa, Juan  Luis Guerra, Sergio Vargas, H\u00e9ctor Acosta, Fernando Villalona, Pavel N\u00fa\u00f1ez,  Aventura, Tulile, Eddie Herrera, as\u00ed como tambi\u00e9n el Grupo Musical Folkl\u00f3rico  de Colombia, entre otros.<br \/>&#13;<br \/>\n  <br \/>&#13;<br \/>\n  El  embajador de Colombia, Juan Jos\u00e9 Chaux, dijo que este acto se realizar\u00e1 en todos  los pa\u00edses con la participaci\u00f3n de todos los colombianos y que con \u00e9l se exige  la liberaci\u00f3n inmediata de los 800 secuestrados que a\u00fan permanecen en las  selvas de Colombia. <br \/>&#13;<br \/>\n  <br \/>&#13;<br \/>\n\u00abSe  trata de un acto que sustancialmente rechaza el terrorismo. Es un reencuentro  con los valores. No podemos transitar por los senderos de la democracia sino  tenemos un compromiso por la libertad de las gentes\u00bb, manifest\u00f3 Chaux.<br \/>&#13;<br \/>\n<br \/>&#13;<br \/>\nAsimismo,  expres\u00f3 que el pueblo colombiano enfrenta el terrorismo con protestas, cantos y  con actuaciones de paz por seres humanos que tienen el derecho de coexistir, de  recibir manifestaciones de solidaridad y de construir su posibilidad de Estado.<\/p>\n<p>&#13;<\/p>\n<h6> 2008-07-17 22:31:58 <\/h6>\n<p><!--\n<link rel=\"stylesheet\" href=\"css\/bootstrap.min.css\">\n\n\n<ul class=\"pagination\">\n\t    \n\t\n\n<li >\n\t<a href='?page_no=21215'>Previous<\/a>\n\t<\/li>\n\n\n       \n    \n\n<li><a href='?page_no=1'>1<\/a><\/li>\n\n\n\n<li><a href='?page_no=2'>2<\/a><\/li>\n\n\n\n<li><a>...<\/a><\/li>\n\n\n\n<li><a href='?page_no=21214'>21214<\/a><\/li>\n\n\n\n<li><a href='?page_no=21215'>21215<\/a><\/li>\n\n\n\n<li class='active'><a>21216<\/a><\/li>\n\n\n\n<li><a href='?page_no=21217'>21217<\/a><\/li>\n\n\n\n<li><a href='?page_no=21218'>21218<\/a><\/li>\n\n\n\n<li><a>...<\/a><\/li>\n\n\n\n<li><a href='?page_no=22522'>22522<\/a><\/li>\n\n\n\n<li><a href='?page_no=22523'>22523<\/a><\/li>\n\n    \n\t\n\n<li >\n\t<a href='?page_no=21217'>Next<\/a>\n\t<\/li>\n\n\n    \n\n<li><a href='?page_no=22523'>Last &rsaquo;&rsaquo;<\/a><\/li>\n\n<\/ul>\n\n\n--><br \/>\n<\/body><\/p>\n","protected":false},"excerpt":{"rendered":"<p>Artistas dominicanos presentar\u00e1n espect\u00e1culo \u00abCanto por la liberaci\u00f3n de los secuestrados\u00bb &#13; SANTO DOMINGO.- La embajada\u00a0 colombiana anunci\u00f3 que en conmoraci\u00f3n del 198 Aniversario de la independencia de su pa\u00eds, el pr\u00f3ximo domingo 20 de julio, a partir de las nueve de la ma\u00f1ana se llevar\u00e1 a cabo un encuentro-concierto que tendr\u00e1 lugar en la [&hellip;]<\/p>\n","protected":false},"author":3,"featured_media":0,"comment_status":"open","ping_status":"open","sticky":false,"template":"","format":"standard","meta":{"footnotes":""},"categories":[25],"tags":[],"class_list":["post-92594","post","type-post","status-publish","format-standard","hentry","category-gente"],"_links":{"self":[{"href":"https:\/\/diariodominicano.com\/index.php?rest_route=\/wp\/v2\/posts\/92594","targetHints":{"allow":["GET"]}}],"collection":[{"href":"https:\/\/diariodominicano.com\/index.php?rest_route=\/wp\/v2\/posts"}],"about":[{"href":"https:\/\/diariodominicano.com\/index.php?rest_route=\/wp\/v2\/types\/post"}],"author":[{"embeddable":true,"href":"https:\/\/diariodominicano.com\/index.php?rest_route=\/wp\/v2\/users\/3"}],"replies":[{"embeddable":true,"href":"https:\/\/diariodominicano.com\/index.php?rest_route=%2Fwp%2Fv2%2Fcomments&post=92594"}],"version-history":[{"count":0,"href":"https:\/\/diariodominicano.com\/index.php?rest_route=\/wp\/v2\/posts\/92594\/revisions"}],"wp:attachment":[{"href":"https:\/\/diariodominicano.com\/index.php?rest_route=%2Fwp%2Fv2%2Fmedia&parent=92594"}],"wp:term":[{"taxonomy":"category","embeddable":true,"href":"https:\/\/diariodominicano.com\/index.php?rest_route=%2Fwp%2Fv2%2Fcategories&post=92594"},{"taxonomy":"post_tag","embeddable":true,"href":"https:\/\/diariodominicano.com\/index.php?rest_route=%2Fwp%2Fv2%2Ftags&post=92594"}],"curies":[{"name":"wp","href":"https:\/\/api.w.org\/{rel}","templated":true}]}}