{"id":92593,"date":"2008-07-17T22:34:36","date_gmt":"2008-07-17T22:34:36","guid":{"rendered":"http:\/\/diariodominicano.ddns.net\/?p=92593"},"modified":"2008-07-17T22:34:36","modified_gmt":"2008-07-17T22:34:36","slug":"shakira-juanes-y-miguel-bose-se-presentaran-en-paris-para-pedir-la-libertad-de-los-secuestrados-por-las-farc","status":"publish","type":"post","link":"https:\/\/diariodominicano.com\/?p=92593","title":{"rendered":"Shakira, Juanes y Miguel Bos\u00e9 se presentar\u00e1n en Par\u00eds, para pedir la libertad de los secuestrados por las FARC"},"content":{"rendered":"<p><body><\/p>\n<p align=\"justify\" class=\"titulogrande1\">Shakira,  Juanes y Miguel Bos\u00e9 se presentar\u00e1n en Par\u00eds, \u00a0para pedir la libertad de los secuestrados por  las FARC<\/p>\n<p>&#13;<\/p>\n<p align=\"justify\" class=\"text1noticias\"><strong>BOGOT\u00c1.-<\/strong> Los cantantes  Shakira, Juanes, Miguel Bos\u00e9 y Carlos Vives confirmaron hoy a trav\u00e9s de una  emisora colombiana su participaci\u00f3n en los conciertos del 20 de julio en Par\u00eds  y Leticia para exigir la libertad de los secuestrados por las Fuerzas Armadas  Revolucionarias de Colombia (FARC).<\/p>\n<p>&#13;<\/p>\n<p align=\"justify\" class=\"text1noticias\">Caracol Radio contact\u00f3 a los  artistas, que convocaron a los colombianos a participar en lo que Bos\u00e9 llam\u00f3  \u00abel principio de un gran movimiento\u00bb para buscar la paz de Colombia y  el fin del conflicto que padece desde hace m\u00e1s de cuatro d\u00e9cadas.<\/p>\n<p>&#13;<\/p>\n<p align=\"justify\" class=\"text1noticias\">\u00abMuy bonito esto del  domingo, creo que va a ser muy emocionante y sentido, como medio colombiano que  soy pr\u00e1cticamente no podr\u00eda no estar. Queremos la paz ya, que se nos garantice  y tenemos derecho a ella\u00bb, dijo el espa\u00f1ol, que estar\u00e1 junto a Juanes en  el concierto de Par\u00eds.<\/p>\n<p>&#13;<\/p>\n<p align=\"justify\" class=\"text1noticias\">Bos\u00e9 a\u00f1adi\u00f3 que sin \u00e1nimo de  \u00abcantar victoria ni hacer aspavientos\u00bb, los conciertos son  \u00abdefinitivamente el principio del fin de algo muy esperado. Desde luego el  principio de un gran movimiento\u00bb.<\/p>\n<p>&#13;<\/p>\n<p align=\"justify\" class=\"text1noticias\">\u00abQueremos la paz por  encima de todas las cosas, no vemos la utilidad de ning\u00fan conflicto ni  enfrentamiento y creo que ese es el mensaje que mandar\u00eda a toda la  ciudadan\u00eda\u00bb, a\u00f1adi\u00f3 el autor de \u00abAmante bandido\u00bb,  \u00abVelvetina\u00bb y \u00abNena\u00bb.<\/p>\n<p>&#13;<\/p>\n<p align=\"justify\" class=\"text1noticias\">\u00abHa sido un momento  lind\u00edsimo poder hablar con todos los colegas. A Carlos (Vives) lo ver\u00e9 en  Leticia el domingo. <br \/>&#13;<br \/>\n  <br \/>&#13;<br \/>\nA Miguel suerte en Francia y a Juanes que lo quiero mucho y  muchas gracias por lo que hace por nuestro pa\u00eds y ese d\u00eda voy a estar unida a  ti y a todos los colombianos\u00bb, dijo Shakira.<\/p>\n<p>&#13;<\/p>\n<p align=\"justify\" class=\"text1noticias\">La autora de \u00abOjos  As\u00ed\u00bb y \u00abHips don&#8217;t lie\u00bb indic\u00f3 que la decisi\u00f3n de unir su voz a  la de otros artistas es para \u00abcantar por una paz que cada vez sentimos un  poco m\u00e1s cerca y que deseamos profundamente todos los colombianos\u00bb.<\/p>\n<p>&#13;<\/p>\n<p align=\"justify\" class=\"text1noticias\">A su turno, Juanes subray\u00f3  que la jornada ser\u00e1 un momento \u00abmuy importante\u00bb para Colombia y que  la m\u00fasica, \u00abcomo herramienta para construir la paz\u00bb, ser\u00e1 la  encargada de hacer que los colombianos \u00abpodamos tener la paz en nuestro  imaginario como una opci\u00f3n que puede ser posible\u00bb.<\/p>\n<p>&#13;<\/p>\n<p align=\"justify\" class=\"text1noticias\">\u00abLa paz la tenemos que  construir todos y \u00e9ste es el comienzo. Es una sorpresa maravillosa y agradezco  a Shakira porque va estar en Leticia, a Carlos le env\u00edo todo mi cari\u00f1o y a  Miguel, que es otro colombiano m\u00e1s, le quedo agradecido por ser mi  hermano\u00bb, a\u00f1adi\u00f3 la voz de \u00abA Dios le pido\u00bb y \u00abLa camisa  negra\u00bb.<\/p>\n<p>&#13;<\/p>\n<p align=\"justify\" class=\"text1noticias\">Carlos Vives, vocalista de  \u00abLa gota fr\u00eda\u00bb, \u00abCompae Chipuco\u00bb y \u00abEl  caballito\u00bb, agradeci\u00f3 a Bos\u00e9 su compromiso con la conciliaci\u00f3n de Colombia  e indic\u00f3 que debido a la presencia de Shakira en el concierto de Leticia,  ciudad en la frontera entre Colombia, Brasil y Per\u00fa, \u00abel mundo nos va  estar mirando m\u00e1s\u00bb.<\/p>\n<p>&#13;<\/p>\n<p align=\"justify\" class=\"text1noticias\">En la misma emisora, el  presidente colombiano, \u00c1lvaro Uribe, sostuvo: \u00abquiero agradecerles  inmensamente a todos ellos porque Shakira va a entonar el himno nacional en  Leticia, Carlos Vives encabezar\u00e1 el concierto, Juanes estar\u00e1 en Par\u00eds con  Miguel Bos\u00e9. A todos ellos nuestra gratitud\u00bb.<\/p>\n<p>&#13;<\/p>\n<p align=\"justify\" class=\"text1noticias\">La marcha fue convocada por  los rescatados el pasado 2 de julio por el Ej\u00e9rcito colombiano, entre los que  se encuentran once polic\u00edas y militares, tres estadounidenses e \u00cdngrid  Betancourt, que participar\u00e1 en la movilizaci\u00f3n desde Par\u00eds.<\/p>\n<p>&#13;<\/p>\n<p align=\"justify\" class=\"text1noticias\">Las FARC tienen a\u00fan en su  poder a unos 25 secuestrados que pretenden canjear por unos quinientos de sus  hombres presos en c\u00e1rceles.\u00a0 <\/p>\n<p>&#13;<\/p>\n<h6> 2008-07-17 22:34:36 <\/h6>\n<p><!--\n<link rel=\"stylesheet\" href=\"css\/bootstrap.min.css\">\n\n\n<ul class=\"pagination\">\n\t    \n\t\n\n<li >\n\t<a href='?page_no=21214'>Previous<\/a>\n\t<\/li>\n\n\n       \n    \n\n<li><a href='?page_no=1'>1<\/a><\/li>\n\n\n\n<li><a href='?page_no=2'>2<\/a><\/li>\n\n\n\n<li><a>...<\/a><\/li>\n\n\n\n<li><a href='?page_no=21213'>21213<\/a><\/li>\n\n\n\n<li><a href='?page_no=21214'>21214<\/a><\/li>\n\n\n\n<li class='active'><a>21215<\/a><\/li>\n\n\n\n<li><a href='?page_no=21216'>21216<\/a><\/li>\n\n\n\n<li><a href='?page_no=21217'>21217<\/a><\/li>\n\n\n\n<li><a>...<\/a><\/li>\n\n\n\n<li><a href='?page_no=22522'>22522<\/a><\/li>\n\n\n\n<li><a href='?page_no=22523'>22523<\/a><\/li>\n\n    \n\t\n\n<li >\n\t<a href='?page_no=21216'>Next<\/a>\n\t<\/li>\n\n\n    \n\n<li><a href='?page_no=22523'>Last &rsaquo;&rsaquo;<\/a><\/li>\n\n<\/ul>\n\n\n--><br \/>\n<\/body><\/p>\n","protected":false},"excerpt":{"rendered":"<p>Shakira, Juanes y Miguel Bos\u00e9 se presentar\u00e1n en Par\u00eds, \u00a0para pedir la libertad de los secuestrados por las FARC &#13; BOGOT\u00c1.- Los cantantes Shakira, Juanes, Miguel Bos\u00e9 y Carlos Vives confirmaron hoy a trav\u00e9s de una emisora colombiana su participaci\u00f3n en los conciertos del 20 de julio en Par\u00eds y Leticia para exigir la libertad [&hellip;]<\/p>\n","protected":false},"author":3,"featured_media":0,"comment_status":"open","ping_status":"open","sticky":false,"template":"","format":"standard","meta":{"footnotes":""},"categories":[25],"tags":[],"class_list":["post-92593","post","type-post","status-publish","format-standard","hentry","category-gente"],"_links":{"self":[{"href":"https:\/\/diariodominicano.com\/index.php?rest_route=\/wp\/v2\/posts\/92593","targetHints":{"allow":["GET"]}}],"collection":[{"href":"https:\/\/diariodominicano.com\/index.php?rest_route=\/wp\/v2\/posts"}],"about":[{"href":"https:\/\/diariodominicano.com\/index.php?rest_route=\/wp\/v2\/types\/post"}],"author":[{"embeddable":true,"href":"https:\/\/diariodominicano.com\/index.php?rest_route=\/wp\/v2\/users\/3"}],"replies":[{"embeddable":true,"href":"https:\/\/diariodominicano.com\/index.php?rest_route=%2Fwp%2Fv2%2Fcomments&post=92593"}],"version-history":[{"count":0,"href":"https:\/\/diariodominicano.com\/index.php?rest_route=\/wp\/v2\/posts\/92593\/revisions"}],"wp:attachment":[{"href":"https:\/\/diariodominicano.com\/index.php?rest_route=%2Fwp%2Fv2%2Fmedia&parent=92593"}],"wp:term":[{"taxonomy":"category","embeddable":true,"href":"https:\/\/diariodominicano.com\/index.php?rest_route=%2Fwp%2Fv2%2Fcategories&post=92593"},{"taxonomy":"post_tag","embeddable":true,"href":"https:\/\/diariodominicano.com\/index.php?rest_route=%2Fwp%2Fv2%2Ftags&post=92593"}],"curies":[{"name":"wp","href":"https:\/\/api.w.org\/{rel}","templated":true}]}}