{"id":92592,"date":"2008-07-17T22:36:41","date_gmt":"2008-07-17T22:36:41","guid":{"rendered":"http:\/\/diariodominicano.ddns.net\/?p=92592"},"modified":"2008-07-17T22:36:41","modified_gmt":"2008-07-17T22:36:41","slug":"ednita-nazario-graba-en-mexico-sencillo-no","status":"publish","type":"post","link":"https:\/\/diariodominicano.com\/?p=92592","title":{"rendered":"Ednita Nazario graba en M\u00e9xico sencillo \u201cNo\u201d"},"content":{"rendered":"<p><body><\/p>\n<p class=\"titulogrande1\">Ednita  Nazario graba en M\u00e9xico sencillo \u201cNo\u201d<\/p>\n<p>&#13;<\/p>\n<p align=\"justify\" class=\"text1noticias\"><strong><img loading=\"lazy\" decoding=\"async\" src=\"http:\/\/localhost:8080\/gente\/img\/ednita nazario.jpg\" width=\"375\" height=\"285\" hspace=\"4\" align=\"left\" \/>Miami, FL.- <\/strong>Los videos de  Ednita Nazario se destacan de cualquier otro artista ya que la cantante  puertorrique\u00f1a llena cada imagen con la misma energ\u00eda que ofrece en cada sonido  de sus canciones.<br \/>&#13;<br \/>\n  <br \/> &#13;<br \/>\n  Esa magia volvi\u00f3 a ocurrir en la grabaci\u00f3n del v\u00eddeo del  nuevo sencillo \u201cNo\u201d.<br \/>&#13;<br \/>\n  \u00a0<br \/>&#13;<br \/>\n  Filmado en la ciudad de  M\u00e9xico, el trabajo se realiz\u00f3 el pasado 2 de julio y llegar\u00e1 a las estaciones  de televisi\u00f3n en los pr\u00f3ximos d\u00edas. El sencillo pertenece al disco \u201cReal\u201d, que  estren\u00f3 el pasado mes de diciembre con el tema \u201cNo te ment\u00eda\u201d, primer \u00e9xito del  disco.<br \/>&#13;<br \/>\n  \u00a0<br \/>&#13;<br \/>\n\u201cNo\u201d es interpretado junto a  Natalia, la cantante del grupo espa\u00f1ol \u201cLa 5ta Estaci\u00f3n\u201d, qui\u00e9n tambi\u00e9n form\u00f3  parte de la grabaci\u00f3n.<br \/>&#13;<br \/>\n  \u00a0<br \/>&#13;<br \/>\n\u201cReal\u201d es el \u00e1lbum n\u00famero 23  de la estrella boricua y fue grabado en Londres, Nashville, M\u00e9xico y Miami.  Desde su debut fue marcado por el \u00e9xito vendiendo 20 mil discos en su primera  semana en las tiendas y ocupando la posici\u00f3n #1 en la prestigiosa revista  Billboard.<br \/>&#13;<br \/>\n  \u00a0<br \/>&#13;<br \/>\n\u201cReal\u201d es otro lanzamiento exitoso  de Sony BMG Latin.<\/p>\n<p>&#13;<\/p>\n<h6> 2008-07-17 22:36:41 <\/h6>\n<p><!--\n<link rel=\"stylesheet\" href=\"css\/bootstrap.min.css\">\n\n\n<ul class=\"pagination\">\n\t    \n\t\n\n<li >\n\t<a href='?page_no=21213'>Previous<\/a>\n\t<\/li>\n\n\n       \n    \n\n<li><a href='?page_no=1'>1<\/a><\/li>\n\n\n\n<li><a href='?page_no=2'>2<\/a><\/li>\n\n\n\n<li><a>...<\/a><\/li>\n\n\n\n<li><a href='?page_no=21212'>21212<\/a><\/li>\n\n\n\n<li><a href='?page_no=21213'>21213<\/a><\/li>\n\n\n\n<li class='active'><a>21214<\/a><\/li>\n\n\n\n<li><a href='?page_no=21215'>21215<\/a><\/li>\n\n\n\n<li><a href='?page_no=21216'>21216<\/a><\/li>\n\n\n\n<li><a>...<\/a><\/li>\n\n\n\n<li><a href='?page_no=22522'>22522<\/a><\/li>\n\n\n\n<li><a href='?page_no=22523'>22523<\/a><\/li>\n\n    \n\t\n\n<li >\n\t<a href='?page_no=21215'>Next<\/a>\n\t<\/li>\n\n\n    \n\n<li><a href='?page_no=22523'>Last &rsaquo;&rsaquo;<\/a><\/li>\n\n<\/ul>\n\n\n--><br \/>\n<\/body><\/p>\n","protected":false},"excerpt":{"rendered":"<p>Ednita Nazario graba en M\u00e9xico sencillo \u201cNo\u201d &#13; Miami, FL.- Los videos de Ednita Nazario se destacan de cualquier otro artista ya que la cantante puertorrique\u00f1a llena cada imagen con la misma energ\u00eda que ofrece en cada sonido de sus canciones.&#13; &#13; Esa magia volvi\u00f3 a ocurrir en la grabaci\u00f3n del v\u00eddeo del nuevo sencillo [&hellip;]<\/p>\n","protected":false},"author":3,"featured_media":0,"comment_status":"open","ping_status":"open","sticky":false,"template":"","format":"standard","meta":{"footnotes":""},"categories":[25],"tags":[],"class_list":["post-92592","post","type-post","status-publish","format-standard","hentry","category-gente"],"_links":{"self":[{"href":"https:\/\/diariodominicano.com\/index.php?rest_route=\/wp\/v2\/posts\/92592","targetHints":{"allow":["GET"]}}],"collection":[{"href":"https:\/\/diariodominicano.com\/index.php?rest_route=\/wp\/v2\/posts"}],"about":[{"href":"https:\/\/diariodominicano.com\/index.php?rest_route=\/wp\/v2\/types\/post"}],"author":[{"embeddable":true,"href":"https:\/\/diariodominicano.com\/index.php?rest_route=\/wp\/v2\/users\/3"}],"replies":[{"embeddable":true,"href":"https:\/\/diariodominicano.com\/index.php?rest_route=%2Fwp%2Fv2%2Fcomments&post=92592"}],"version-history":[{"count":0,"href":"https:\/\/diariodominicano.com\/index.php?rest_route=\/wp\/v2\/posts\/92592\/revisions"}],"wp:attachment":[{"href":"https:\/\/diariodominicano.com\/index.php?rest_route=%2Fwp%2Fv2%2Fmedia&parent=92592"}],"wp:term":[{"taxonomy":"category","embeddable":true,"href":"https:\/\/diariodominicano.com\/index.php?rest_route=%2Fwp%2Fv2%2Fcategories&post=92592"},{"taxonomy":"post_tag","embeddable":true,"href":"https:\/\/diariodominicano.com\/index.php?rest_route=%2Fwp%2Fv2%2Ftags&post=92592"}],"curies":[{"name":"wp","href":"https:\/\/api.w.org\/{rel}","templated":true}]}}